{"id":1627,"date":"2024-10-31T05:33:30","date_gmt":"2024-10-31T05:33:30","guid":{"rendered":"https:\/\/neanoticias.com\/?p=1627"},"modified":"2024-10-31T05:33:30","modified_gmt":"2024-10-31T05:33:30","slug":"con-un-gran-festival-corrientes-inauguro-la-temporada-de-playas-mas-larga-del-pais","status":"publish","type":"post","link":"https:\/\/neanoticias.com\/index.php\/2024\/10\/31\/con-un-gran-festival-corrientes-inauguro-la-temporada-de-playas-mas-larga-del-pais\/","title":{"rendered":"CON UN GRAN FESTIVAL, CORRIENTES INAUGUR\u00d3 LA TEMPORADA DE PLAYAS M\u00c1S LARGA DEL PA\u00cdS"},"content":{"rendered":"\n<p><em>La Municipalidad de Corrientes habilit\u00f3 formalmente los cinco balnearios p\u00fablicos de la ciudad. Con una amplia agenda de actividades, se busca generar una oferta atractiva para locales y turistas.<\/em><\/p>\n\n\n\n<p>El intendente Eduardo Tassano dio inicio a la temporada de playas en la ciudad que, al extenderse hasta el 30 de abril, ser\u00e1 la m\u00e1s larga de la Argentina. &#8220;Vamos a contar con servicios y actividades para el disfrute de nuestros vecinos y turistas. Gracias a estas hermosas playas son muchas las personas que nos visitan&#8221;, remarc\u00f3 el jefe comunal. De esta forma, Corrientes se consolida como un punto tur\u00edstico del Norte Argentino.&nbsp;<\/p>\n\n\n\n<p>Este s\u00e1bado quedaron oficialmente habilitados los cinco balnearios con los que cuenta la Capital:&nbsp;Arazaty I y II, Malvinas I y II, y Molina Punta. En principio, estar\u00e1n abiertos de 8:15 a 20, mientras que durante los meses de enero a febrero el horario de cierre se extender\u00e1 hasta las 22.<\/p>\n\n\n\n<p>El objetivo de la gesti\u00f3n es que las playas sean un punto de encuentro m\u00e1s para las familias correntinas y los visitantes, por lo que se prev\u00e9 una ampl\u00eda agenda con actividades a lo largo de la temporada. &#8220;Vamos a tener tambi\u00e9n la playa Pet Friendly para las mascotas que se hizo muy famosa, con mucha demanda. Tendremos cinco playas con actividades n\u00e1uticas, deportivas, gastron\u00f3micas y culturales&#8221;, valor\u00f3 el intendente.&nbsp;<\/p>\n\n\n\n<p>A su vez, se garantizan condiciones seguras con la presencia constante de guardavidas.Adem\u00e1s, cada playa cuenta con infraestructura adecuada para la comunidad y servicios de sombrillas, posaderas, ba\u00f1os, duchas y rampas. &#8220;Estamos con siete meses de la temporada de playas, sumado a eso, todo el a\u00f1o, fines de semana y feriados. Hoy, armamos toda la infraestructura para el disfrute de este d\u00eda&#8221;, coment\u00f3 al respecto el intendente.<\/p>\n\n\n\n<p>En la inauguraci\u00f3n, tras el corte de cinta, cientos de personas disfrutaron de un gran festival con espect\u00e1culos recreativos como body combat, body pump, zumba, taekwondo, baile k-Pop y un cierre con la presentaci\u00f3n en vivo de bandas locales.&nbsp;<\/p>\n\n\n\n<p>PROPUESTA \u00daNICA EN LA REGI\u00d3N<br>Juan Enrique Braillard Poccard, secretario de Turismo y Deportes, extendi\u00f3 la invitaci\u00f3n a todos los vecinos y turistas: &#8220;Deporte, cultura, gastronom\u00eda y una gran noche. La noche correntina es muy linda, un clima espectacular. Los invitamos a quedarse aqu\u00ed un fin de semana largo&#8221;.<\/p>\n\n\n\n<p>PLAYAS SEGURAS&nbsp;<br>En la oportunidad Juan Merlo, Jefe de Guardavidas de las Playas Municipales, detall\u00f3 que los equipos se han preparado y capacitado durante 30 d\u00edas continuos a fin de tener los conocimientos id\u00f3neos para esta tarea. &#8220;El concepto del guardavidas ha cambiado mucho. Ya no solo salvaguarda la integridad f\u00edsica, sino que tambi\u00e9n es un agente tur\u00edstico, gu\u00eda y responsable de la convivencia armoniosa en la playa&#8221;, destac\u00f3.&nbsp;<\/p>\n\n\n\n<p>Por \u00faltimo, record\u00f3: &#8220;Al venir a disfrutar de las playas de Corrientes, recomiendo llevar bloqueador, agua, terer\u00e9 y, sobre todo, hacer caso a los guardavidas. Estamos aqu\u00ed para cuidar y prevenir&#8221;, &nbsp; recomend\u00f3 el jefe de guardavidas.<\/p>\n","protected":false},"excerpt":{"rendered":"<p>La Municipalidad de Corrientes habilit\u00f3 formalmente los cinco balnearios p\u00fablicos de la ciudad. Con una&#8230;<\/p>\n","protected":false},"author":1,"featured_media":1628,"comment_status":"open","ping_status":"open","sticky":false,"template":"","format":"standard","meta":[],"categories":[1],"tags":[],"_links":{"self":[{"href":"https:\/\/neanoticias.com\/index.php\/wp-json\/wp\/v2\/posts\/1627"}],"collection":[{"href":"https:\/\/neanoticias.com\/index.php\/wp-json\/wp\/v2\/posts"}],"about":[{"href":"https:\/\/neanoticias.com\/index.php\/wp-json\/wp\/v2\/types\/post"}],"author":[{"embeddable":true,"href":"https:\/\/neanoticias.com\/index.php\/wp-json\/wp\/v2\/users\/1"}],"replies":[{"embeddable":true,"href":"https:\/\/neanoticias.com\/index.php\/wp-json\/wp\/v2\/comments?post=1627"}],"version-history":[{"count":1,"href":"https:\/\/neanoticias.com\/index.php\/wp-json\/wp\/v2\/posts\/1627\/revisions"}],"predecessor-version":[{"id":1629,"href":"https:\/\/neanoticias.com\/index.php\/wp-json\/wp\/v2\/posts\/1627\/revisions\/1629"}],"wp:featuredmedia":[{"embeddable":true,"href":"https:\/\/neanoticias.com\/index.php\/wp-json\/wp\/v2\/media\/1628"}],"wp:attachment":[{"href":"https:\/\/neanoticias.com\/index.php\/wp-json\/wp\/v2\/media?parent=1627"}],"wp:term":[{"taxonomy":"category","embeddable":true,"href":"https:\/\/neanoticias.com\/index.php\/wp-json\/wp\/v2\/categories?post=1627"},{"taxonomy":"post_tag","embeddable":true,"href":"https:\/\/neanoticias.com\/index.php\/wp-json\/wp\/v2\/tags?post=1627"}],"curies":[{"name":"wp","href":"https:\/\/api.w.org\/{rel}","templated":true}]}}