{"id":1621,"date":"2024-10-31T05:29:50","date_gmt":"2024-10-31T05:29:50","guid":{"rendered":"https:\/\/neanoticias.com\/?p=1621"},"modified":"2024-10-31T05:29:50","modified_gmt":"2024-10-31T05:29:50","slug":"laudelina-seguira-en-silencio-no-declarar-es-una-medida-de-defensa","status":"publish","type":"post","link":"https:\/\/neanoticias.com\/index.php\/2024\/10\/31\/laudelina-seguira-en-silencio-no-declarar-es-una-medida-de-defensa\/","title":{"rendered":"LAUDELINA SEGUIR\u00c1 EN SILENCIO: &#8220;NO DECLARAR ES UNA MEDIDA DE DEFENSA&#8221;"},"content":{"rendered":"\n<p>Rafael Palacios, cronista de Radio Sudamericana en Goya, se refiri\u00f3 al inminente traslado de Laudelina Pe\u00f1a a una c\u00e1rcel mendocina y su sorpresiva negativa a ampliar su declaraci\u00f3n. Todo estaba listo para que la t\u00eda de Loan, menor desaparecido el 13 de junio, brindara declaraci\u00f3n ante la jueza esta semana.<\/p>\n\n\n\n<p>Tras la decisi\u00f3n de la jueza Cristina Pozzer Penzo de trasladar a Laudelina Pe\u00f1a a una c\u00e1rcel mendocina, una de las imputadas por la desaparici\u00f3n de Loan opt\u00f3 por no declarar. Seg\u00fan explic\u00f3 Rafael Palacios, cronista de Radio Sudamericana en Goya, \u201cLaudelina se acogi\u00f3 a su derecho de no declarar\u201d.&nbsp;<strong>La abogada habr\u00eda sugerido que el silencio para proteger la posici\u00f3n de su defendida en el proceso judicial.<\/strong><\/p>\n\n\n\n<p>Cabe se\u00f1alar que la ampliaci\u00f3n declaratoria es un mecanismo de defensa que solicita la imputada.\u00a0<strong>\u201cLa jueza no puede ordenar la indagatoria\u201d, re<\/strong>cord\u00f3 el cronista. Asimismo, record\u00f3 el pedido de detenci\u00f3n que surgi\u00f3 en los \u00faltimos d\u00edas para la Dra. Chiriv\u00edn, defensora de Laudelina sobre la causa conexa a la desaparici\u00f3n del ni\u00f1o.<\/p>\n\n\n\n<p>De acuerdo a las \u00faltimas novedades, Pe\u00f1a ser\u00e1 trasladada al Complejo Penitenciario Federal N\u00b0 6 de Luj\u00e1n de Cuyo, en Mendoza. De acuerdo a la informaci\u00f3n que maneja el cronista, esto se realizar\u00eda \u201cpor una cuesti\u00f3n de seguridad, ya que el establecimiento penitenciario cuenta con&nbsp;<strong>las condiciones necesarias de alojamiento y seguridad<\/strong>&nbsp;de acuerdo con su perfil criminol\u00f3gico\u201d.<\/p>\n\n\n\n<p>En cuanto a los avances en la causa, Palacios a\u00f1adi\u00f3 que \u201cChiriv\u00edn hab\u00eda anticipado que presentar\u00eda informaci\u00f3n contundente en la pr\u00f3xima declaraci\u00f3n, capaz de demostrar que Laudelina no tiene relaci\u00f3n con los hechos por los cuales se la acusa\u201d. Sin embargo, la abogada decidi\u00f3 mantener el silencio medi\u00e1tico.\u00a0<strong>\u201cSe la not\u00f3 muy presionada a la Dra. Chiriv\u00edn\u201d, se\u00f1al\u00f3 el periodista.<\/strong><\/p>\n\n\n\n<h2><strong>M\u00e1s rastrillajes<\/strong><\/h2>\n\n\n\n<p>Palacios inform\u00f3 que las autoridades est\u00e1n preparando una serie de operativos en las inmediaciones de la \u00faltima ubicaci\u00f3n conocida de Loan, para aportar nuevas pruebas. \u201cLos investigadores est\u00e1n buscando cualquier indicio que pueda conectar a Pe\u00f1a o a otros involucrados con la desaparici\u00f3n de Loan\u201d, destac\u00f3 el periodista.<\/p>\n","protected":false},"excerpt":{"rendered":"<p>Rafael Palacios, cronista de Radio Sudamericana en Goya, se refiri\u00f3 al inminente traslado de Laudelina&#8230;<\/p>\n","protected":false},"author":1,"featured_media":1622,"comment_status":"open","ping_status":"open","sticky":false,"template":"","format":"standard","meta":[],"categories":[1],"tags":[],"_links":{"self":[{"href":"https:\/\/neanoticias.com\/index.php\/wp-json\/wp\/v2\/posts\/1621"}],"collection":[{"href":"https:\/\/neanoticias.com\/index.php\/wp-json\/wp\/v2\/posts"}],"about":[{"href":"https:\/\/neanoticias.com\/index.php\/wp-json\/wp\/v2\/types\/post"}],"author":[{"embeddable":true,"href":"https:\/\/neanoticias.com\/index.php\/wp-json\/wp\/v2\/users\/1"}],"replies":[{"embeddable":true,"href":"https:\/\/neanoticias.com\/index.php\/wp-json\/wp\/v2\/comments?post=1621"}],"version-history":[{"count":1,"href":"https:\/\/neanoticias.com\/index.php\/wp-json\/wp\/v2\/posts\/1621\/revisions"}],"predecessor-version":[{"id":1623,"href":"https:\/\/neanoticias.com\/index.php\/wp-json\/wp\/v2\/posts\/1621\/revisions\/1623"}],"wp:featuredmedia":[{"embeddable":true,"href":"https:\/\/neanoticias.com\/index.php\/wp-json\/wp\/v2\/media\/1622"}],"wp:attachment":[{"href":"https:\/\/neanoticias.com\/index.php\/wp-json\/wp\/v2\/media?parent=1621"}],"wp:term":[{"taxonomy":"category","embeddable":true,"href":"https:\/\/neanoticias.com\/index.php\/wp-json\/wp\/v2\/categories?post=1621"},{"taxonomy":"post_tag","embeddable":true,"href":"https:\/\/neanoticias.com\/index.php\/wp-json\/wp\/v2\/tags?post=1621"}],"curies":[{"name":"wp","href":"https:\/\/api.w.org\/{rel}","templated":true}]}}