{"id":1618,"date":"2024-10-31T05:25:29","date_gmt":"2024-10-31T05:25:29","guid":{"rendered":"https:\/\/neanoticias.com\/?p=1618"},"modified":"2024-10-31T05:25:30","modified_gmt":"2024-10-31T05:25:30","slug":"la-municipalidad-avanza-en-la-construccion-de-cordon-cuneta-en-8-barrios-de-la-ciudad","status":"publish","type":"post","link":"https:\/\/neanoticias.com\/index.php\/2024\/10\/31\/la-municipalidad-avanza-en-la-construccion-de-cordon-cuneta-en-8-barrios-de-la-ciudad\/","title":{"rendered":"LA MUNICIPALIDAD AVANZA EN LA CONSTRUCCI\u00d3N DE CORD\u00d3N CUNETA EN 8 BARRIOS DE LA CIUDAD"},"content":{"rendered":"\n<p><em>La Secretar\u00eda de Infraestructura tiene ocho frentes de obras en ejecuci\u00f3n en calles de distintas zonas de San Ger\u00f3nimo, 9 de Julio, Pirayu\u00ed, Sargento Cabral, Villa Raquel, Popular, San Jos\u00e9 y San Marcelo. Adem\u00e1s, est\u00e1 previsto avanzar en otros dos barrios. Las tareas se complementar\u00e1n con la iluminaci\u00f3n LED.<\/em><\/p>\n\n\n\n<p>La Municipalidad de Corrientes avanza con la construcci\u00f3n de cord\u00f3n cuneta en diversos puntos de la ciudad. Actualmente, se llevan adelante en ocho frentes de obras que se complementar\u00e1n con la iluminaci\u00f3n LED.<br><br>Las acciones son encaradas por la Secretar\u00eda de Infraestructura, con el objetivo de mejorar la transitabilidad, aumentar la seguridad de los vecinos y lograr una mejor calidad de vida en la ciudad. Dichas acciones son articuladas con el Gobierno provincial.<br><br>En ese sentido, el titular del \u00e1rea, Math\u00edas Cabrera, afirm\u00f3 que la Municipalidad \u201cactualmente tiene ocho frentes que est\u00e1n en distintos puntos de la ciudad, como por ejemplo en los barrios San Ger\u00f3nimo, 9 de Julio, Pirayu\u00ed y en la zona del Sargento Cabral\u201d.<br><br>El funcionario adelant\u00f3 que \u201cestamos por empezar a trabajar ahora en nuevos frentes, como en el Villa Raquel, donde estamos por llegar a una nueva etapa, como as\u00ed tambi\u00e9n est\u00e1 previsto empezar en el barrio Trujillo a hacer el cord\u00f3n cuneta de todo ese barrio\u201d.<br><br>Entre tanto, Cabrera remarc\u00f3 que los trabajos generan mejores condiciones de vida para los vecinos y sostuvo que \u201cuna vez que completamos con la cloaca, el cord\u00f3n cuneta es el siguiente paso, es el que nos enmarca cu\u00e1l es la calle, nos permite a nosotros definir qu\u00e9 es calzada y qu\u00e9 es vereda\u201d. \u201cDespu\u00e9s de eso, venimos con la iluminaci\u00f3n LED, lo cual trae otros nuevos beneficios para todos los barrios\u201d, agreg\u00f3.<br><br>MUNICIPIO ORDENADO&nbsp;<br><br>Por otra parte, el secretario de Infraestructura resalt\u00f3 que en este contexto econ\u00f3mico se han redoblado los esfuerzos para cumplir con las metas trazadas para este a\u00f1o \u201cTuvimos que acomodarnos y el tener nuestras cuentas claras, nos ayuda a poder afrontar estas nuevas obras\u201d.<br><br>\u201cTenemos ocho frentes de cord\u00f3n cuneta activos y estamos por arrancar dos m\u00e1s, estamos hoy trabajando en nueve plazas tambi\u00e9n en distintos barrios de la ciudad\u201d, precis\u00f3 el funcionario.<\/p>\n","protected":false},"excerpt":{"rendered":"<p>La Secretar\u00eda de Infraestructura tiene ocho frentes de obras en ejecuci\u00f3n en calles de distintas&#8230;<\/p>\n","protected":false},"author":1,"featured_media":1619,"comment_status":"open","ping_status":"open","sticky":false,"template":"","format":"standard","meta":[],"categories":[1],"tags":[],"_links":{"self":[{"href":"https:\/\/neanoticias.com\/index.php\/wp-json\/wp\/v2\/posts\/1618"}],"collection":[{"href":"https:\/\/neanoticias.com\/index.php\/wp-json\/wp\/v2\/posts"}],"about":[{"href":"https:\/\/neanoticias.com\/index.php\/wp-json\/wp\/v2\/types\/post"}],"author":[{"embeddable":true,"href":"https:\/\/neanoticias.com\/index.php\/wp-json\/wp\/v2\/users\/1"}],"replies":[{"embeddable":true,"href":"https:\/\/neanoticias.com\/index.php\/wp-json\/wp\/v2\/comments?post=1618"}],"version-history":[{"count":1,"href":"https:\/\/neanoticias.com\/index.php\/wp-json\/wp\/v2\/posts\/1618\/revisions"}],"predecessor-version":[{"id":1620,"href":"https:\/\/neanoticias.com\/index.php\/wp-json\/wp\/v2\/posts\/1618\/revisions\/1620"}],"wp:featuredmedia":[{"embeddable":true,"href":"https:\/\/neanoticias.com\/index.php\/wp-json\/wp\/v2\/media\/1619"}],"wp:attachment":[{"href":"https:\/\/neanoticias.com\/index.php\/wp-json\/wp\/v2\/media?parent=1618"}],"wp:term":[{"taxonomy":"category","embeddable":true,"href":"https:\/\/neanoticias.com\/index.php\/wp-json\/wp\/v2\/categories?post=1618"},{"taxonomy":"post_tag","embeddable":true,"href":"https:\/\/neanoticias.com\/index.php\/wp-json\/wp\/v2\/tags?post=1618"}],"curies":[{"name":"wp","href":"https:\/\/api.w.org\/{rel}","templated":true}]}}