{"id":1605,"date":"2024-09-27T01:11:30","date_gmt":"2024-09-27T01:11:30","guid":{"rendered":"https:\/\/neanoticias.com\/?p=1605"},"modified":"2024-09-27T01:11:31","modified_gmt":"2024-09-27T01:11:31","slug":"calle-7-llega-a-corrientes-este-lunes-23-unico-casting","status":"publish","type":"post","link":"https:\/\/neanoticias.com\/index.php\/2024\/09\/27\/calle-7-llega-a-corrientes-este-lunes-23-unico-casting\/","title":{"rendered":"&#8220;CALLE 7&#8221; LLEGA A CORRIENTES: ESTE LUNES 23 \u00daNICO CASTING"},"content":{"rendered":"\n<p>El pr\u00f3ximo 7 de octubre se estrena el reality show \u201cCalle 7\u201d, una co-producci\u00f3n de Telefuturo y Canal 9. Por primera vez, cuatro participantes de Chaco y Corrientes formar\u00e1n parte del equipo que representar\u00e1 a Argentina en busca de lograr el gran premio de 20 mil d\u00f3lares. Este lunes 23 habr\u00e1 un nuevo casting, esta vez en la ciudad de Corrientes.<\/p>\n\n\n\n<p>El primer casting de selecci\u00f3n de participantes se realiz\u00f3 el jueves 19 de septiembre en la ciudad de Resistencia. Los j\u00f3venes que se presentaron demostraron sus destrezas f\u00edsicas y contaron cu\u00e1les son sus sue\u00f1os y por qu\u00e9 participar\u00edan en este reality show. Ante la gran expectativa que gener\u00f3, se habilit\u00f3 una nueva fecha para un segundo casting, esta vez en la ciudad de Corrientes.<\/p>\n\n\n\n<p>Si ten\u00e9s entre 18 y 26 a\u00f1os y quer\u00e9s participar del reality show \u201cCalle 7\u201d, te esperamos este\u00a0<strong>lunes 23 de septiembre de 14:00 a 18:00 horas en H\u00e9roes Civiles 2060<\/strong>. \u00c9sta es tu oportunidad de ser el elegido para representar a Corrientes en el gran reality show que cambiar\u00e1 tu vida. Vas a competir por 20 mil d\u00f3lares en premios.<\/p>\n\n\n\n<p>Quienes queden seleccionados en este casting deber\u00e1n viajar por tres meses a Asunci\u00f3n para formar parte del reality show. El viaje y los vi\u00e1ticos ser\u00e1n todos pagos. El gran estreno de este reality es el 7 de octubre. No pierdas la oportunidad y presentate en este nuevo y \u00faltimo casting.<\/p>\n\n\n\n<h2><strong>\u201cCalle 7, la batalla de los campeones\u201d<\/strong><\/h2>\n\n\n\n<p>\u201cCalle 7\u201d es un programa de competencia f\u00edsica que cautiv\u00f3 audiencias durante cinco temporadas. Cada temporada, presenta competidores enfrent\u00e1ndose a desaf\u00edos que ponen a prueba su fuerza, agilidad y resistencia. La variedad de desaf\u00edos, la emoci\u00f3n de la competencia y los momentos de drama, hacen que el programa sea altamente adictivo.<\/p>\n\n\n\n<p>Por primera vez este reality de caracter internacional tendr\u00e1 la particularidad de competidores chaque\u00f1os y correntinos que representar\u00e1n a Argentina. En esta edici\u00f3n internacional, \u201cCalle 7, la batalla de los campeones\u201d, habr\u00e1 16 gladiadores ganadores del programa en diferentes pa\u00edses. Deber\u00e1n demostrar\u00e1n su fuerza y destreza para tratar de llegar a ser el gladiador victorioso, llevando en alto el nombre de su pa\u00eds.<\/p>\n\n\n\n<p>Bajo una co-producci\u00f3n in\u00e9dita, Canal 9 \u201cla imagen del Nordeste\u201d, poseedora de los derechos en Argentina de Calle 7, trabajar\u00e1 junto a Canal 11 de Honduras, Canal 7 de Bolivia y Telefuturo de Paraguay, en la puesta en marcha de esta edici\u00f3n. El reality show se estrenar\u00e1 el d\u00eda 7 de octubre a trav\u00e9s de la pantalla de Canal 9. Se emitir\u00e1 en formato diario por la se\u00f1al de aire y podr\u00e1 verse a trav\u00e9s de la plataforma Nordeste Play (nordesteplay.com.ar), pr\u00f3xima a estrenarse.<a href=\"https:\/\/www.radiosudamericana.com\/notix\/multimedia\/imagenes\/fotos\/2024-09-23\/684173.jpg\"><\/a><\/p>\n","protected":false},"excerpt":{"rendered":"<p>El pr\u00f3ximo 7 de octubre se estrena el reality show \u201cCalle 7\u201d, una co-producci\u00f3n de&#8230;<\/p>\n","protected":false},"author":1,"featured_media":1606,"comment_status":"open","ping_status":"open","sticky":false,"template":"","format":"standard","meta":[],"categories":[1],"tags":[],"_links":{"self":[{"href":"https:\/\/neanoticias.com\/index.php\/wp-json\/wp\/v2\/posts\/1605"}],"collection":[{"href":"https:\/\/neanoticias.com\/index.php\/wp-json\/wp\/v2\/posts"}],"about":[{"href":"https:\/\/neanoticias.com\/index.php\/wp-json\/wp\/v2\/types\/post"}],"author":[{"embeddable":true,"href":"https:\/\/neanoticias.com\/index.php\/wp-json\/wp\/v2\/users\/1"}],"replies":[{"embeddable":true,"href":"https:\/\/neanoticias.com\/index.php\/wp-json\/wp\/v2\/comments?post=1605"}],"version-history":[{"count":1,"href":"https:\/\/neanoticias.com\/index.php\/wp-json\/wp\/v2\/posts\/1605\/revisions"}],"predecessor-version":[{"id":1607,"href":"https:\/\/neanoticias.com\/index.php\/wp-json\/wp\/v2\/posts\/1605\/revisions\/1607"}],"wp:featuredmedia":[{"embeddable":true,"href":"https:\/\/neanoticias.com\/index.php\/wp-json\/wp\/v2\/media\/1606"}],"wp:attachment":[{"href":"https:\/\/neanoticias.com\/index.php\/wp-json\/wp\/v2\/media?parent=1605"}],"wp:term":[{"taxonomy":"category","embeddable":true,"href":"https:\/\/neanoticias.com\/index.php\/wp-json\/wp\/v2\/categories?post=1605"},{"taxonomy":"post_tag","embeddable":true,"href":"https:\/\/neanoticias.com\/index.php\/wp-json\/wp\/v2\/tags?post=1605"}],"curies":[{"name":"wp","href":"https:\/\/api.w.org\/{rel}","templated":true}]}}