{"id":1602,"date":"2024-09-27T01:08:39","date_gmt":"2024-09-27T01:08:39","guid":{"rendered":"https:\/\/neanoticias.com\/?p=1602"},"modified":"2024-09-27T01:08:40","modified_gmt":"2024-09-27T01:08:40","slug":"senado-aprobo-la-adhesion-al-regimen-de-incentivo-para-grandes-inversiones","status":"publish","type":"post","link":"https:\/\/neanoticias.com\/index.php\/2024\/09\/27\/senado-aprobo-la-adhesion-al-regimen-de-incentivo-para-grandes-inversiones\/","title":{"rendered":"SENADO APROB\u00d3 LA ADHESI\u00d3N AL R\u00c9GIMEN DE INCENTIVO PARA GRANDES INVERSIONES"},"content":{"rendered":"\n<p>En una sesi\u00f3n especial el Senado le dio media sanci\u00f3n al Proyecto de Ley por el que se adhiere la Provincia al R\u00e9gimen de Incentivo para Grandes Inversiones (RIGI).<\/p>\n\n\n\n<p>En di\u00e1logo con el cronista de Radio Sudamericana el presidente del Senado Pedro Braillard Poccard, confirm\u00f3 que el cuerpo legislativo le otorg\u00f3 media sanci\u00f3n al Proyecto de Ley por el que se adhiere la\u00a0<strong>Provincia al R\u00e9gimen de Incentivo para Grandes Inversiones (RIGI),<\/strong>\u00a0creado por Ley Nacional 27742 \u201cDe Bases y Puntos de Partida para la Libertad de los Argentinos\u201d, T\u00edtulo VII, art\u00edculos 164 al 228.-<\/p>\n\n\n\n<p>\u201cUno puede estar de acuerdo o no con los detalles del Incentivo para Grandes Inversiones pero contempla un rubro fundamental para Corrientes que es la foresto industria.\u00a0<strong>Nosotros no nos podemos quedar fuera de ese r\u00e9gimen por si bien es cierto que hay enormes inversiones en la Provincia necesitamos muchas m\u00e1s\u201d, detall\u00f3.<\/strong><\/p>\n\n\n\n<p>En otro orden, se desarroll\u00f3 la audiencia p\u00fablica para tratar el pliego enviado por el Poder Ejecutivo Provincial, que solicita Acuerdo para la designaci\u00f3n en el cargo de Fiscal de la Unidad Fiscal de Investigaciones Concretas -UFIC- de la Segunda Circunscripci\u00f3n Judicial con asiento en la ciudad de Goya (Corrientes), para la Dra. Mar\u00eda Eugenia Ballar\u00e1. El mismo pas\u00f3 sin impugnaciones a la Comisi\u00f3n de Poderes, Peticiones, Acuerdos y Reglamentos.<\/p>\n\n\n\n<p>Al t\u00e9rmino de la sesi\u00f3n, la C\u00e1mara alta pidi\u00f3 un minuto de silencio en homenaje a los comparseros de Ara Bera, que perdieron la vida en un tr\u00e1gico accidente ocurrido en Flores, provincia de Buenos Aires el 23 de septiembre de 1978.<\/p>\n\n\n\n<p><\/p>\n\n\n\n<p><a href=\"https:\/\/www.radiosudamericana.com\/notix\/multimedia\/imagenes\/fotos\/2024-09-23\/940677.jpeg\"><\/a><\/p>\n","protected":false},"excerpt":{"rendered":"<p>En una sesi\u00f3n especial el Senado le dio media sanci\u00f3n al Proyecto de Ley por&#8230;<\/p>\n","protected":false},"author":1,"featured_media":1603,"comment_status":"open","ping_status":"open","sticky":false,"template":"","format":"standard","meta":[],"categories":[1],"tags":[],"_links":{"self":[{"href":"https:\/\/neanoticias.com\/index.php\/wp-json\/wp\/v2\/posts\/1602"}],"collection":[{"href":"https:\/\/neanoticias.com\/index.php\/wp-json\/wp\/v2\/posts"}],"about":[{"href":"https:\/\/neanoticias.com\/index.php\/wp-json\/wp\/v2\/types\/post"}],"author":[{"embeddable":true,"href":"https:\/\/neanoticias.com\/index.php\/wp-json\/wp\/v2\/users\/1"}],"replies":[{"embeddable":true,"href":"https:\/\/neanoticias.com\/index.php\/wp-json\/wp\/v2\/comments?post=1602"}],"version-history":[{"count":1,"href":"https:\/\/neanoticias.com\/index.php\/wp-json\/wp\/v2\/posts\/1602\/revisions"}],"predecessor-version":[{"id":1604,"href":"https:\/\/neanoticias.com\/index.php\/wp-json\/wp\/v2\/posts\/1602\/revisions\/1604"}],"wp:featuredmedia":[{"embeddable":true,"href":"https:\/\/neanoticias.com\/index.php\/wp-json\/wp\/v2\/media\/1603"}],"wp:attachment":[{"href":"https:\/\/neanoticias.com\/index.php\/wp-json\/wp\/v2\/media?parent=1602"}],"wp:term":[{"taxonomy":"category","embeddable":true,"href":"https:\/\/neanoticias.com\/index.php\/wp-json\/wp\/v2\/categories?post=1602"},{"taxonomy":"post_tag","embeddable":true,"href":"https:\/\/neanoticias.com\/index.php\/wp-json\/wp\/v2\/tags?post=1602"}],"curies":[{"name":"wp","href":"https:\/\/api.w.org\/{rel}","templated":true}]}}