{"id":1584,"date":"2024-09-27T00:12:33","date_gmt":"2024-09-27T00:12:33","guid":{"rendered":"https:\/\/neanoticias.com\/?p=1584"},"modified":"2024-09-27T00:12:34","modified_gmt":"2024-09-27T00:12:34","slug":"autopsia-de-la-tota-santillan-asfixia-y-90-de-su-cuerpo-quemado","status":"publish","type":"post","link":"https:\/\/neanoticias.com\/index.php\/2024\/09\/27\/autopsia-de-la-tota-santillan-asfixia-y-90-de-su-cuerpo-quemado\/","title":{"rendered":"AUTOPSIA DE LA TOTA SANTILL\u00c1N: &#8220;ASFIXIA Y 90% DE SU CUERPO QUEMADO&#8221;"},"content":{"rendered":"\n<p>El escalofriante resultado de la autopsia de la Tota Santill\u00e1n: &#8220;Asfixia y 90% de su cuerpo quemado&#8221;<\/p>\n\n\n\n<p>La muerte de la Tota Santillan golpe\u00f3 de lleno al mundo de la far\u00e1ndula. A sus 57 a\u00f1os parti\u00f3 de este mundo de la forma m\u00e1s tr\u00e1gica, en medio de un incendio y&nbsp;producto de un s\u00edndrome asf\u00edctico, seg\u00fan arrojaron los primeros resultados de la autopista.<\/p>\n\n\n\n<p>Durante la madrugada lleg\u00f3 esa noticia que nadie quiere escuchar o recibir; el fallecimiento de la Tota dej\u00f3 un vac\u00edo tremendo en sus cuatro hijos y en todos aquellos amigos del espect\u00e1culo y la m\u00fasica que compartieron a\u00f1os de vida a su lado.<\/p>\n\n\n\n<p>Desde&nbsp;Rodrigo Bueno&nbsp;hasta&nbsp;Water Olmos, a cientos de artistas que pasaron mientras \u00e9l era conductor de Pasi\u00f3n de S\u00e1bado o Pasi\u00f3n Tropical, entre los a\u00f1os 1999 y 2002. En una muerte tr\u00e1gica, hace instantes se conocieron los primeros resultados luego del peritaje que realiz\u00f3 la polic\u00eda cient\u00edfica.<\/p>\n\n\n\n<p>Se revel\u00f3 s\u00edndrome asf\u00edctico y 90% del cuerpo quemado. El cuerpo no ten\u00eda signos de defensa&#8221;, confirm\u00f3&nbsp;Mauro Zeta&nbsp;en su cuenta de X. De este modo, a\u00fan queda dictaminar la hip\u00f3tesis de si se trat\u00f3 de un accidente u ocurri\u00f3 alg\u00fan otro altercado.<\/p>\n\n\n\n<h2><strong>LOS PRIMEROS RESULTADOS DE LA AUTOPISA DE LA TOTA SANTILL\u00c1N<\/strong><\/h2>\n\n\n\n<p>Entre los comentarios que hizo el periodista de Telefe, tambi\u00e9n agreg\u00f3 que \u201cla causa la investiga el fiscal Patricio Ventricelli\u201d. El s\u00edndrome asf\u00edctico, que en definitiva termina siendo la causa de la muerte de Santill\u00e1n, se da cuando el cuerpo no recibe suficiente ox\u00edgeno.<\/p>\n\n\n\n<p>Ya sea por una obstrucci\u00f3n de las v\u00edas respiratorias o por una compresi\u00f3n en la zona del t\u00f3rax o cuello o un evento x que impida el ingreso de aire a los pulmones, termina derivando en este problema que present\u00f3 la Tota a la hora de su muerte.<\/p>\n\n\n\n<p>Con el 90% de su cuerpo quemado y al tratarse de un fallecimiento que deben investigar, durante las pr\u00f3ximas horas y d\u00edas aparecer\u00e1n nuevos detalles de lo ocurrido con quien fue uno de los grandes referentes dentro de la movida tropical, impulsando siempre a su crecimiento.<\/p>\n","protected":false},"excerpt":{"rendered":"<p>El escalofriante resultado de la autopsia de la Tota Santill\u00e1n: &#8220;Asfixia y 90% de su&#8230;<\/p>\n","protected":false},"author":1,"featured_media":1585,"comment_status":"open","ping_status":"open","sticky":false,"template":"","format":"standard","meta":[],"categories":[1],"tags":[],"_links":{"self":[{"href":"https:\/\/neanoticias.com\/index.php\/wp-json\/wp\/v2\/posts\/1584"}],"collection":[{"href":"https:\/\/neanoticias.com\/index.php\/wp-json\/wp\/v2\/posts"}],"about":[{"href":"https:\/\/neanoticias.com\/index.php\/wp-json\/wp\/v2\/types\/post"}],"author":[{"embeddable":true,"href":"https:\/\/neanoticias.com\/index.php\/wp-json\/wp\/v2\/users\/1"}],"replies":[{"embeddable":true,"href":"https:\/\/neanoticias.com\/index.php\/wp-json\/wp\/v2\/comments?post=1584"}],"version-history":[{"count":1,"href":"https:\/\/neanoticias.com\/index.php\/wp-json\/wp\/v2\/posts\/1584\/revisions"}],"predecessor-version":[{"id":1586,"href":"https:\/\/neanoticias.com\/index.php\/wp-json\/wp\/v2\/posts\/1584\/revisions\/1586"}],"wp:featuredmedia":[{"embeddable":true,"href":"https:\/\/neanoticias.com\/index.php\/wp-json\/wp\/v2\/media\/1585"}],"wp:attachment":[{"href":"https:\/\/neanoticias.com\/index.php\/wp-json\/wp\/v2\/media?parent=1584"}],"wp:term":[{"taxonomy":"category","embeddable":true,"href":"https:\/\/neanoticias.com\/index.php\/wp-json\/wp\/v2\/categories?post=1584"},{"taxonomy":"post_tag","embeddable":true,"href":"https:\/\/neanoticias.com\/index.php\/wp-json\/wp\/v2\/tags?post=1584"}],"curies":[{"name":"wp","href":"https:\/\/api.w.org\/{rel}","templated":true}]}}