{"id":1581,"date":"2024-09-27T00:06:43","date_gmt":"2024-09-27T00:06:43","guid":{"rendered":"https:\/\/neanoticias.com\/?p=1581"},"modified":"2024-09-27T00:06:43","modified_gmt":"2024-09-27T00:06:43","slug":"colorido-festejo-en-el-dtc-independencia-para-recibir-la-primavera","status":"publish","type":"post","link":"https:\/\/neanoticias.com\/index.php\/2024\/09\/27\/colorido-festejo-en-el-dtc-independencia-para-recibir-la-primavera\/","title":{"rendered":"COLORIDO FESTEJO EN EL DTC INDEPENDENCIA PARA RECIBIR LA PRIMAVERA"},"content":{"rendered":"\n<p><em>Organizado por la Municipalidad de Corrientes, se celebr\u00f3 la llegada de la primavera en el Dispositivo Territorial Comunitario (DTC) Independencia. Una encuentro familiar con demostraciones de m\u00fasica, baile y juegos.<\/em><\/p>\n\n\n\n<p>Para recibir a la estaci\u00f3n m\u00e1s colorida, quienes concurren al Dispositivo Territorial Comunitario (DTC) Independencia, ubicado en el barrio hom\u00f3nimo, celebraron su llegada con m\u00fasica y baile.&nbsp;<\/p>\n\n\n\n<p>El viceintendente Emilio Lanari acompa\u00f1\u00f3 el festejo que fue adem\u00e1s un reflejo del trabajo diario de contenci\u00f3n, prevenci\u00f3n y promoci\u00f3n de la salud que se realiza en el lugar, con un abordaje integral de los consumos problem\u00e1ticos de sustancias.<\/p>\n\n\n\n<p>\u201cEs muy importante acompa\u00f1ar la tarea que se realiza cotidianamente con todos los chicos. Es algo en lo que hemos puesto mucha energ\u00eda, y queremos seguir ampliando y fortaleciendo el v\u00ednculo que tenemos con todas las familias\u201d, sostuvo el viceintendente.&nbsp;<\/p>\n\n\n\n<p>\u201cA este DTC concurren familias del barrio y tambi\u00e9n chicos judicializados y algunos en recuperaci\u00f3n, haciendo distintas actividades y acompa\u00f1ados por un grupo de profesionales que est\u00e1 entrenado y trabajando activamente, en conexi\u00f3n con centros de mayor complejidad\u201d, indic\u00f3 Lanari.<\/p>\n\n\n\n<p>Destac\u00f3 adem\u00e1s la valiosa tarea de los profesionales que diariamente ponen su trabajo y dedicaci\u00f3n para acompa\u00f1ar a los chicos y j\u00f3venes que concurren al DTC, como as\u00ed tambi\u00e9n el acompa\u00f1amiento de las familias. \u201cEsta es la oportunidad de festejar y mostrar la fortaleza de lo que se hace trabajando todos los d\u00edas\u201d, a\u00f1adi\u00f3.<\/p>\n\n\n\n<p>CERCA DEL VECINO<\/p>\n\n\n\n<p>Por su parte, Mariana Montes, coordinadora ejecutiva del \u00e1rea de Discapacidad e Inclusi\u00f3n Social del municipio y responsable del DTC Independencia record\u00f3 que \u201cuno de los objetivos de la gesti\u00f3n es la cercan\u00eda con el vecino. Y ac\u00e1 estamos ofreci\u00e9ndole un espacio no solamente de contenci\u00f3n y de escucha, sino tambi\u00e9n de acompa\u00f1amiento a toda la familia de los ni\u00f1os, ni\u00f1as, adolescentes y j\u00f3venes, que asisten diariamente a todas las actividades que brindamos en el DTC\u201d.<\/p>\n\n\n\n<p>La funcionaria destac\u00f3 adem\u00e1s que cada una de las actividades por el D\u00eda de la Primavera \u201cfueron propuestas por las personas que asisten al DTC, presentaron n\u00fameros de m\u00fasica, una banda de cumbia que hicieron con los chicos del dispositivo, ellos mismos hicieron los juegos, realmente se arm\u00f3 un hermoso encuentro familiar\u201d, celebr\u00f3.<\/p>\n\n\n\n<p>Y record\u00f3 que en el DTC del barrio Independencia \u201ctrabajamos en el abordaje de consumo problem\u00e1tico de sustancias, en donde hacemos una tarea de prevenci\u00f3n, tratamiento y acompa\u00f1amiento a los usuarios que as\u00ed lo requieran\u201d.<\/p>\n\n\n\n<p>Explic\u00f3 que adem\u00e1s se ofrecen talleres de m\u00fasica, danza y arte, y &#8220;tenemos los espacios de escucha grupales y tambi\u00e9n a los usuarios que son ya j\u00f3venes, adultos, se les ofrecen espacios de capacitaciones en talleres de oficio y tambi\u00e9n a quienes quedaron fuera del sistema escolar por diferentes circunstancias tambi\u00e9n se los incorpora a trav\u00e9s del programa Fines para que finalicen la educaci\u00f3n secundaria\u201d.<\/p>\n\n\n\n<p><\/p>\n","protected":false},"excerpt":{"rendered":"<p>Organizado por la Municipalidad de Corrientes, se celebr\u00f3 la llegada de la primavera en el&#8230;<\/p>\n","protected":false},"author":1,"featured_media":1582,"comment_status":"open","ping_status":"open","sticky":false,"template":"","format":"standard","meta":[],"categories":[1],"tags":[],"_links":{"self":[{"href":"https:\/\/neanoticias.com\/index.php\/wp-json\/wp\/v2\/posts\/1581"}],"collection":[{"href":"https:\/\/neanoticias.com\/index.php\/wp-json\/wp\/v2\/posts"}],"about":[{"href":"https:\/\/neanoticias.com\/index.php\/wp-json\/wp\/v2\/types\/post"}],"author":[{"embeddable":true,"href":"https:\/\/neanoticias.com\/index.php\/wp-json\/wp\/v2\/users\/1"}],"replies":[{"embeddable":true,"href":"https:\/\/neanoticias.com\/index.php\/wp-json\/wp\/v2\/comments?post=1581"}],"version-history":[{"count":1,"href":"https:\/\/neanoticias.com\/index.php\/wp-json\/wp\/v2\/posts\/1581\/revisions"}],"predecessor-version":[{"id":1583,"href":"https:\/\/neanoticias.com\/index.php\/wp-json\/wp\/v2\/posts\/1581\/revisions\/1583"}],"wp:featuredmedia":[{"embeddable":true,"href":"https:\/\/neanoticias.com\/index.php\/wp-json\/wp\/v2\/media\/1582"}],"wp:attachment":[{"href":"https:\/\/neanoticias.com\/index.php\/wp-json\/wp\/v2\/media?parent=1581"}],"wp:term":[{"taxonomy":"category","embeddable":true,"href":"https:\/\/neanoticias.com\/index.php\/wp-json\/wp\/v2\/categories?post=1581"},{"taxonomy":"post_tag","embeddable":true,"href":"https:\/\/neanoticias.com\/index.php\/wp-json\/wp\/v2\/tags?post=1581"}],"curies":[{"name":"wp","href":"https:\/\/api.w.org\/{rel}","templated":true}]}}