{"id":158,"date":"2022-09-07T18:32:32","date_gmt":"2022-09-07T18:32:32","guid":{"rendered":"https:\/\/neanoticias.com\/?p=158"},"modified":"2022-09-07T18:32:33","modified_gmt":"2022-09-07T18:32:33","slug":"se-aprobo-el-proyecto-de-voto-joven-no-obligatorio-en-corrientes","status":"publish","type":"post","link":"https:\/\/neanoticias.com\/index.php\/2022\/09\/07\/se-aprobo-el-proyecto-de-voto-joven-no-obligatorio-en-corrientes\/","title":{"rendered":"SE APROB\u00d3 EL PROYECTO DE VOTO JOVEN NO OBLIGATORIO EN CORRIENTES"},"content":{"rendered":"\n<p>Con esta nueva normativa, los j\u00f3venes correntinos comprendidos entre los 16 y 18 a\u00f1os de edad tendr\u00e1n la posibilidad de emitir su voto en las pr\u00f3ximas elecciones. Cabe destacar que ser\u00e1 de car\u00e1cter facultativo y no obligatorio para ese rango etario.<\/p>\n\n\n\n<p><\/p>\n\n\n\n<figure class=\"wp-block-image size-full\"><img loading=\"lazy\" width=\"700\" height=\"399\" src=\"https:\/\/neanoticias.com\/wp-content\/uploads\/2022\/09\/771778.jpg_nota.jpg\" alt=\"\" class=\"wp-image-159\" srcset=\"https:\/\/neanoticias.com\/wp-content\/uploads\/2022\/09\/771778.jpg_nota.jpg 700w, https:\/\/neanoticias.com\/wp-content\/uploads\/2022\/09\/771778.jpg_nota-300x171.jpg 300w\" sizes=\"(max-width: 700px) 100vw, 700px\" \/><\/figure>\n\n\n\n<p>Tras semanas de debate en el Congreso de Corrientes, finalmente\u00a0<strong>se vot\u00f3 por unanimidad por la aprobaci\u00f3n del proyecto de ley de Voto Joven<\/strong>.<\/p>\n\n\n\n<p>Dicha normativa, que incluye a los j\u00f3venes de entre 16 y 18 a\u00f1os de edad de toda la provincia,&nbsp;<strong>ser\u00e1 de car\u00e1cter facultativo<\/strong>. Es decir, que&nbsp;<strong>no ser\u00e1 obligatorio emitir sufragio<\/strong>&nbsp;para ese grupo de personas. Esto va en contra de lo que se hab\u00eda pedido desde el Senado, donde la mayor\u00eda hab\u00eda propuesto que sea de tipo obligatorio.<\/p>\n\n\n\n<p>Ahora el proyecto pasar\u00e1 al Poder Ejecutivo de la provincia para su promulgaci\u00f3n.<\/p>\n\n\n\n<p><\/p>\n","protected":false},"excerpt":{"rendered":"<p>Con esta nueva normativa, los j\u00f3venes correntinos comprendidos entre los 16 y 18 a\u00f1os de&#8230;<\/p>\n","protected":false},"author":1,"featured_media":159,"comment_status":"open","ping_status":"open","sticky":false,"template":"","format":"standard","meta":[],"categories":[1],"tags":[],"_links":{"self":[{"href":"https:\/\/neanoticias.com\/index.php\/wp-json\/wp\/v2\/posts\/158"}],"collection":[{"href":"https:\/\/neanoticias.com\/index.php\/wp-json\/wp\/v2\/posts"}],"about":[{"href":"https:\/\/neanoticias.com\/index.php\/wp-json\/wp\/v2\/types\/post"}],"author":[{"embeddable":true,"href":"https:\/\/neanoticias.com\/index.php\/wp-json\/wp\/v2\/users\/1"}],"replies":[{"embeddable":true,"href":"https:\/\/neanoticias.com\/index.php\/wp-json\/wp\/v2\/comments?post=158"}],"version-history":[{"count":1,"href":"https:\/\/neanoticias.com\/index.php\/wp-json\/wp\/v2\/posts\/158\/revisions"}],"predecessor-version":[{"id":160,"href":"https:\/\/neanoticias.com\/index.php\/wp-json\/wp\/v2\/posts\/158\/revisions\/160"}],"wp:featuredmedia":[{"embeddable":true,"href":"https:\/\/neanoticias.com\/index.php\/wp-json\/wp\/v2\/media\/159"}],"wp:attachment":[{"href":"https:\/\/neanoticias.com\/index.php\/wp-json\/wp\/v2\/media?parent=158"}],"wp:term":[{"taxonomy":"category","embeddable":true,"href":"https:\/\/neanoticias.com\/index.php\/wp-json\/wp\/v2\/categories?post=158"},{"taxonomy":"post_tag","embeddable":true,"href":"https:\/\/neanoticias.com\/index.php\/wp-json\/wp\/v2\/tags?post=158"}],"curies":[{"name":"wp","href":"https:\/\/api.w.org\/{rel}","templated":true}]}}