{"id":1578,"date":"2024-09-27T00:04:57","date_gmt":"2024-09-27T00:04:57","guid":{"rendered":"https:\/\/neanoticias.com\/?p=1578"},"modified":"2024-09-27T00:04:57","modified_gmt":"2024-09-27T00:04:57","slug":"wall-street-milei-dio-pistas-de-cuando-podria-levantar-el-cepo","status":"publish","type":"post","link":"https:\/\/neanoticias.com\/index.php\/2024\/09\/27\/wall-street-milei-dio-pistas-de-cuando-podria-levantar-el-cepo\/","title":{"rendered":"WALL STREET: MILEI DIO PISTAS DE CU\u00c1NDO PODR\u00cdA LEVANTAR EL CEPO"},"content":{"rendered":"\n<p>Ante un auditorio de inversionistas en la Bolsa de New York,\u00a0el presidente Javier Milei dio algunas pistas de cu\u00e1ndo podr\u00eda comenzar la apertura del cepo cambiario, una medida que en Wall Street se sigue con expectativa.<\/p>\n\n\n\n<p>En un discurso que pronunci\u00f3 en un coqueto sal\u00f3n de la New York Stock Exchange, antes de tocar la campana para iniciar la sesi\u00f3n burs\u00e1til,&nbsp;el Presidente se explay\u00f3 sobre su gesti\u00f3n econ\u00f3mica, pero hizo algunas puntualizaciones en torno al cepo.<\/p>\n\n\n\n<p>\u201cCuando la inflaci\u00f3n inducida por el programa dado por control de capitales desaparezca, podremos salir del cepo&nbsp;sin ning\u00fan tipo de problemas, porque ya no tendr\u00e1n balas para cargar las armas que puedan tirar la estabilidad macroecon\u00f3mica\u201d, dijo.<\/p>\n\n\n\n<p><strong>\u201cEl cepo lo vamos a liberar cuando la tasa de inflaci\u00f3n que tiene el programa macroecon\u00f3mico sea cero\u201d, agreg\u00f3.<\/strong><\/p>\n\n\n\n<p>Al respecto hizo una comparaci\u00f3n con otros casos previos. \u201cA diferencia de todas las otras experiencias que salieron con el tipo de cambio oficial hacia el paralelo,&nbsp;estamos demostrando que se puede hacer desde el paralelo hacia el oficial\u201d.<\/p>\n\n\n\n<p>Y agreg\u00f3 que&nbsp;\u201cel d\u00eda que terminemos de levantar el cepo&nbsp;se cerrar\u00e1 el exceso de demanda de divisas&nbsp;y, por ende, se cerrar\u00e1 el exceso de oferta en el mercado de bonos\u201d.<\/p>\n\n\n\n<p>\u201cCuando decimos que se va a cerrar la brecha desde arriba hacia abajo, lo estamos cumpliendo. Hoy la brecha se est\u00e1 comprimiendo a menos del 10%\u201d, dijo y agreg\u00f3 que\u00a0\u201cel d\u00eda que levantemos el cepo, se cerrar\u00e1 el exceso de oferta\u00a0en el mercado de bienes, habr\u00e1 una expansi\u00f3n adicional de la actividad econ\u00f3mica y tambi\u00e9n se cerrar\u00e1 el exceso de oferta de trabajo\u201d, dijo.<\/p>\n\n\n\n<p>Al respecto, sum\u00f3:<strong>&nbsp;\u201cVamos a liberar el cepo cuando ya no haya ning\u00fan riesgo de desestabilizaci\u00f3n,&nbsp;cuando el exceso de pesos en la econom\u00eda haya desaparecido por completo\u201d.<\/strong><\/p>\n\n\n\n<p>En su discurso, Milei elogi\u00f3 varias veces a su ministro de Econom\u00eda, Luis Caputo, que estaba sentado en primera fila, junto con otros funcionarios como la canciller Diana Mondino, la ministra Patricia Bullrich y el jefe de asesores econ\u00f3micos, Demian Reidel.<\/p>\n","protected":false},"excerpt":{"rendered":"<p>Ante un auditorio de inversionistas en la Bolsa de New York,\u00a0el presidente Javier Milei dio&#8230;<\/p>\n","protected":false},"author":1,"featured_media":1579,"comment_status":"open","ping_status":"open","sticky":false,"template":"","format":"standard","meta":[],"categories":[1],"tags":[],"_links":{"self":[{"href":"https:\/\/neanoticias.com\/index.php\/wp-json\/wp\/v2\/posts\/1578"}],"collection":[{"href":"https:\/\/neanoticias.com\/index.php\/wp-json\/wp\/v2\/posts"}],"about":[{"href":"https:\/\/neanoticias.com\/index.php\/wp-json\/wp\/v2\/types\/post"}],"author":[{"embeddable":true,"href":"https:\/\/neanoticias.com\/index.php\/wp-json\/wp\/v2\/users\/1"}],"replies":[{"embeddable":true,"href":"https:\/\/neanoticias.com\/index.php\/wp-json\/wp\/v2\/comments?post=1578"}],"version-history":[{"count":1,"href":"https:\/\/neanoticias.com\/index.php\/wp-json\/wp\/v2\/posts\/1578\/revisions"}],"predecessor-version":[{"id":1580,"href":"https:\/\/neanoticias.com\/index.php\/wp-json\/wp\/v2\/posts\/1578\/revisions\/1580"}],"wp:featuredmedia":[{"embeddable":true,"href":"https:\/\/neanoticias.com\/index.php\/wp-json\/wp\/v2\/media\/1579"}],"wp:attachment":[{"href":"https:\/\/neanoticias.com\/index.php\/wp-json\/wp\/v2\/media?parent=1578"}],"wp:term":[{"taxonomy":"category","embeddable":true,"href":"https:\/\/neanoticias.com\/index.php\/wp-json\/wp\/v2\/categories?post=1578"},{"taxonomy":"post_tag","embeddable":true,"href":"https:\/\/neanoticias.com\/index.php\/wp-json\/wp\/v2\/tags?post=1578"}],"curies":[{"name":"wp","href":"https:\/\/api.w.org\/{rel}","templated":true}]}}