{"id":1571,"date":"2024-09-26T23:58:38","date_gmt":"2024-09-26T23:58:38","guid":{"rendered":"https:\/\/neanoticias.com\/?p=1571"},"modified":"2024-09-26T23:58:39","modified_gmt":"2024-09-26T23:58:39","slug":"diversion-y-seguridad-en-la-edicion-primavera-de-muni-sunset","status":"publish","type":"post","link":"https:\/\/neanoticias.com\/index.php\/2024\/09\/26\/diversion-y-seguridad-en-la-edicion-primavera-de-muni-sunset\/","title":{"rendered":"DIVERSI\u00d3N Y SEGURIDAD EN LA EDICI\u00d3N PRIMAVERA DE \u201cMUNI SUNSET\u201d"},"content":{"rendered":"\n<p><em>\u00a0\u201cHoy, con la entrega de cascos de seguridad vial por parte de MuniJoven, se completa el c\u00edrculo de diversi\u00f3n y conciencia\u201d, destac\u00f3 el intendente Eduardo Tassano. Adem\u00e1s, en esta nueva edici\u00f3n del evento los correntinos pudieron celebrar el d\u00eda de la primavera y del estudiante.\u00a0<\/em><\/p>\n\n\n\n<p>Durante una nueva edici\u00f3n de \u201cMuni Sunset\u201d, la Municipalidad de Corrientes realiz\u00f3 el sorteo y entrega de 20 cascos de seguridad entre los j\u00f3venes presentes, quienes ganaron una trivia de preguntas sobre seguridad vial. Los mismos fueron aportados por el programa Municipios Saludables, de la Secretar\u00eda de Salud, en articulaci\u00f3n con el \u00e1rea de Seguridad Vial y Muni Joven.&nbsp;<\/p>\n\n\n\n<p>\u201cHoy, con la entrega de cascos de seguridad vial por parte de MuniJoven, se completa el c\u00edrculo de diversi\u00f3n y conciencia\u201d, destac\u00f3 el intendente Eduardo Tassano, qui\u00e9n encabez\u00f3 la actividad.&nbsp; El objetivo de la iniciativa, que inici\u00f3 en redes sociales, fue concientizar a j\u00f3venes sobre la prevenci\u00f3n de accidentes viales.&nbsp;<\/p>\n\n\n\n<p>El evento forma parte de la amplia agenda organizada desde el municipio para recibir la primavera y celebrar el D\u00eda del Estudiante. En este marco, destacados DJs &nbsp;se presentaron en el play\u00f3n ubicado bajo el puente General Manuel Belgrano. All\u00ed, cientos de j\u00f3venes disfrutaron de la tarde al ritmo de la m\u00fasica electr\u00f3nica. Adem\u00e1s, hubo muestras art\u00edsticas y un paseo gastron\u00f3mico con emprendedores locales, entre otras actividades.&nbsp;<\/p>\n\n\n\n<p>&#8220;Este es un punto m\u00e1s de atracci\u00f3n para los j\u00f3venes de Corrientes, un punto de reuni\u00f3n habitual donde ellos vienen y encuentran su desarrollo&#8221;, explic\u00f3 el jefe comunal.&nbsp;<\/p>\n\n\n\n<p>RECREACI\u00d3N Y CULTURA<br>Mar\u00eda Cruz Silvero, directora de Coordinaci\u00f3n de Gobierno del municipio, destac\u00f3 el nivel de los espect\u00e1culos que se desarrollaron para el p\u00fablico correntino. &#8220;Tenemos una fiesta electr\u00f3nica con tres DJs reconocidos internacionalmente. Es un privilegio tener a artistas de este nivel en nuestro evento&#8221;, se\u00f1al\u00f3.<\/p>\n\n\n\n<p>En la misma l\u00ednea, destac\u00f3 la gran concurrencia y concluy\u00f3 diciendo: &#8220;Es una experiencia \u00fanica para los correntinos, distinta al chamam\u00e9 y carnaval. Este tipo de eventos tienen su propia cultura y estilo, y nos permiten conocer otro g\u00e9nero musical&#8221;.&nbsp;<\/p>\n\n\n\n<p>APOYO A EMPRENDEDORES LOCALES<br>Graciela Vallejos, emprendedora gastron\u00f3mica, valor\u00f3 el espacio que brinda la gesti\u00f3n municipal para fomentar el consumo. &#8220;Es una buena manera de tener m\u00e1s salida laboral que ayuda mucho a nuestra econom\u00eda familiar, especialmente en estos momentos que todo est\u00e1 tan caro&#8221;, relat\u00f3.&nbsp;<\/p>\n\n\n\n<p>En cuanto a la invitaci\u00f3n a otros emprendedores Graciela expres\u00f3: &#8220;Tendr\u00edan que entrar a la p\u00e1gina de la municipalidad cuando hacen las invitaciones. Los invito a que se animen a participar&#8221;, remarc\u00f3 la gastron\u00f3mica.<\/p>\n","protected":false},"excerpt":{"rendered":"<p>\u00a0\u201cHoy, con la entrega de cascos de seguridad vial por parte de MuniJoven, se completa&#8230;<\/p>\n","protected":false},"author":1,"featured_media":1572,"comment_status":"open","ping_status":"open","sticky":false,"template":"","format":"standard","meta":[],"categories":[1],"tags":[],"_links":{"self":[{"href":"https:\/\/neanoticias.com\/index.php\/wp-json\/wp\/v2\/posts\/1571"}],"collection":[{"href":"https:\/\/neanoticias.com\/index.php\/wp-json\/wp\/v2\/posts"}],"about":[{"href":"https:\/\/neanoticias.com\/index.php\/wp-json\/wp\/v2\/types\/post"}],"author":[{"embeddable":true,"href":"https:\/\/neanoticias.com\/index.php\/wp-json\/wp\/v2\/users\/1"}],"replies":[{"embeddable":true,"href":"https:\/\/neanoticias.com\/index.php\/wp-json\/wp\/v2\/comments?post=1571"}],"version-history":[{"count":1,"href":"https:\/\/neanoticias.com\/index.php\/wp-json\/wp\/v2\/posts\/1571\/revisions"}],"predecessor-version":[{"id":1573,"href":"https:\/\/neanoticias.com\/index.php\/wp-json\/wp\/v2\/posts\/1571\/revisions\/1573"}],"wp:featuredmedia":[{"embeddable":true,"href":"https:\/\/neanoticias.com\/index.php\/wp-json\/wp\/v2\/media\/1572"}],"wp:attachment":[{"href":"https:\/\/neanoticias.com\/index.php\/wp-json\/wp\/v2\/media?parent=1571"}],"wp:term":[{"taxonomy":"category","embeddable":true,"href":"https:\/\/neanoticias.com\/index.php\/wp-json\/wp\/v2\/categories?post=1571"},{"taxonomy":"post_tag","embeddable":true,"href":"https:\/\/neanoticias.com\/index.php\/wp-json\/wp\/v2\/tags?post=1571"}],"curies":[{"name":"wp","href":"https:\/\/api.w.org\/{rel}","templated":true}]}}