{"id":1565,"date":"2024-09-26T23:54:46","date_gmt":"2024-09-26T23:54:46","guid":{"rendered":"https:\/\/neanoticias.com\/?p=1565"},"modified":"2024-09-26T23:54:47","modified_gmt":"2024-09-26T23:54:47","slug":"corrientes-sede-del-26-congreso-argentino-de-derecho-del-consumidor","status":"publish","type":"post","link":"https:\/\/neanoticias.com\/index.php\/2024\/09\/26\/corrientes-sede-del-26-congreso-argentino-de-derecho-del-consumidor\/","title":{"rendered":"CORRIENTES, SEDE DEL 26\u00b0 CONGRESO ARGENTINO DE DERECHO DEL CONSUMIDOR"},"content":{"rendered":"\n<p>El presidente del 26\u00b0 Congreso Argentino de Derecho del Consumidor, Sebasti\u00e1n Danuzzo, detall\u00f3 a Sudamericana la importancia del encuentro que reunir\u00e1 a especialistas nacionales e internacionales en Corrientes, los d\u00edas 17 y 18 de octubre.<\/p>\n\n\n\n<p>El 26\u00b0 Congreso Argentino de Derecho del Consumidor, que se celebrar\u00e1 los d\u00edas 17 y 18 de octubre en la Facultad de Derecho y Ciencias Sociales y Pol\u00edticas de la Universidad Nacional del Nordeste de Corrientes y abordar\u00e1 los temas m\u00e1s actuales y relevantes en materia de derechos del consumidor.<\/p>\n\n\n\n<p>Sebasti\u00e1n Danuzzo, presidente del Congreso, destac\u00f3 que este evento es &#8220;el m\u00e1s importante de la especialidad&#8221; y que&nbsp;<strong>contar\u00e1 con la presencia de m\u00e1s de 50 profesores, donde 35 son invitados del pa\u00eds, m\u00e1s juristas internacionales.<\/strong><\/p>\n\n\n\n<p>Se espera una amplia convocatoria, incluyendo especialistas de Paraguay y Brasil, lo que refuerza el alcance internacional del Congreso. &#8220;Es un evento de gran envergadura, donde se tratar\u00e1n los temas m\u00e1s actuales de la agenda de derechos del consumidor&#8221;, explic\u00f3.<\/p>\n\n\n\n<p><strong>El Congreso se estructurar\u00e1 en cinco paneles que tratar\u00e1n temas como los derechos del consumidor en la agenda de derechos humanos<\/strong>, los desaf\u00edos de las tecnolog\u00edas disruptivas y las relaciones entre el derecho del consumidor y el mercado. El presidente del encuentro destac\u00f3 la importancia de este evento en un contexto donde \u201cel Estado tiene el deber de proteger al consumidor, que es el sujeto m\u00e1s vulnerable en las relaciones de mercado\u201d.<\/p>\n\n\n\n<p><strong>En la grilla confirmada de disertantes se destacan los acad\u00e9micos y juristas:<\/strong><\/p>\n\n\n\n<ul><li>Dr. Ricardo Luis Lorenzetti (Arg \u2013 UBA)<\/li><li>Dr. Gariel Stiglitz (Arg \u2013 UNLP)<\/li><li>Dr. Carlos Hernandez (Arg \u2013 UNR)<\/li><li>Dra. Sandra Frustagli (Arg \u2013 UNR)<\/li><li>Dr. Roberto Vazquez Ferreyra ( Arg \u2013 UNR)<\/li><li>Dr. Sebasti\u00e1n Barocelli (Arg \u2013 UBA)<\/li><li>Dra. Bel\u00e9n Japeze (Arg \u2013 UNT)<\/li><li>Dr. Jos\u00e9 Sahi\u00e1n (Arg \u2013 UNT)<\/li><li>Dr. Marcos Catal\u00e1n (Brasil \u2013 USP)<\/li><li>Dr. Bruno Miragem (Brasil \u2013 UFRGS)<\/li><li>Dr. Daniel Pizarro (Arg \u2013 UNS)<\/li><li>Dr. Jorge Gald\u00f3s (Arg \u2013 UBA \u2013 UCES)<\/li><li>Dr. Cosimo Gonzalo Sozzo (Arg \u2013 UNL)<\/li><li>Dr. Sebasti\u00e1n Picasso (Arg \u2013 UBA)<\/li><li>Dr. Javier Wajntraub (Arg \u2013 UBA)<\/li><\/ul>\n\n\n\n<p>Adem\u00e1s, se anticipa que el evento sirva como una plataforma para discutir la actualizaci\u00f3n de la legislaci\u00f3n vigente. &#8220;El marco jur\u00eddico actual necesita algunas adecuaciones para enfrentar los desaf\u00edos contempor\u00e1neos&#8221;, mencion\u00f3 Danuzzo,\u00a0<strong>sobre los proyectos en marcha para modernizar el C\u00f3digo de Defensa del Consumidor.<\/strong><\/p>\n\n\n\n<p>La actividad a su vez representa un gran valor para el movimiento tur\u00edstico ya que se esperan delegaciones de todo el territorio nacional y tambi\u00e9n de pa\u00edses lim\u00edtrofes.\u00a0<\/p>\n","protected":false},"excerpt":{"rendered":"<p>El presidente del 26\u00b0 Congreso Argentino de Derecho del Consumidor, Sebasti\u00e1n Danuzzo, detall\u00f3 a Sudamericana&#8230;<\/p>\n","protected":false},"author":1,"featured_media":1566,"comment_status":"open","ping_status":"open","sticky":false,"template":"","format":"standard","meta":[],"categories":[1],"tags":[],"_links":{"self":[{"href":"https:\/\/neanoticias.com\/index.php\/wp-json\/wp\/v2\/posts\/1565"}],"collection":[{"href":"https:\/\/neanoticias.com\/index.php\/wp-json\/wp\/v2\/posts"}],"about":[{"href":"https:\/\/neanoticias.com\/index.php\/wp-json\/wp\/v2\/types\/post"}],"author":[{"embeddable":true,"href":"https:\/\/neanoticias.com\/index.php\/wp-json\/wp\/v2\/users\/1"}],"replies":[{"embeddable":true,"href":"https:\/\/neanoticias.com\/index.php\/wp-json\/wp\/v2\/comments?post=1565"}],"version-history":[{"count":1,"href":"https:\/\/neanoticias.com\/index.php\/wp-json\/wp\/v2\/posts\/1565\/revisions"}],"predecessor-version":[{"id":1567,"href":"https:\/\/neanoticias.com\/index.php\/wp-json\/wp\/v2\/posts\/1565\/revisions\/1567"}],"wp:featuredmedia":[{"embeddable":true,"href":"https:\/\/neanoticias.com\/index.php\/wp-json\/wp\/v2\/media\/1566"}],"wp:attachment":[{"href":"https:\/\/neanoticias.com\/index.php\/wp-json\/wp\/v2\/media?parent=1565"}],"wp:term":[{"taxonomy":"category","embeddable":true,"href":"https:\/\/neanoticias.com\/index.php\/wp-json\/wp\/v2\/categories?post=1565"},{"taxonomy":"post_tag","embeddable":true,"href":"https:\/\/neanoticias.com\/index.php\/wp-json\/wp\/v2\/tags?post=1565"}],"curies":[{"name":"wp","href":"https:\/\/api.w.org\/{rel}","templated":true}]}}