{"id":1561,"date":"2024-08-19T06:56:07","date_gmt":"2024-08-19T06:56:07","guid":{"rendered":"https:\/\/neanoticias.com\/?p=1561"},"modified":"2024-08-19T06:56:08","modified_gmt":"2024-08-19T06:56:08","slug":"las-ferias-de-la-ciudad-inician-una-nueva-semana-de-recorrido-por-los-barrios","status":"publish","type":"post","link":"https:\/\/neanoticias.com\/index.php\/2024\/08\/19\/las-ferias-de-la-ciudad-inician-una-nueva-semana-de-recorrido-por-los-barrios\/","title":{"rendered":"LAS FERIAS DE LA CIUDAD INICIAN UNA NUEVA SEMANA DE RECORRIDO POR LOS BARRIOS"},"content":{"rendered":"\n<p><em>Con su habitual propuesta de productos de calidad y precios convenientes, los feriantes se instalar\u00e1n del lunes 5 al domingo 11, en parques, plazas y paseos. La acci\u00f3n es coordinada por la Secretar\u00eda de Desarrollo Econ\u00f3mico Municipal, a trav\u00e9s de la Subsecretar\u00eda de Econom\u00eda Social.<\/em><\/p>\n\n\n\n<figure class=\"wp-block-image size-large\"><img loading=\"lazy\" width=\"1024\" height=\"682\" src=\"https:\/\/neanoticias.com\/wp-content\/uploads\/2024\/08\/34404fa4-a80c-ae20-b080-fa3e53e3a26d-1024x682.jpg\" alt=\"\" class=\"wp-image-1562\" srcset=\"https:\/\/neanoticias.com\/wp-content\/uploads\/2024\/08\/34404fa4-a80c-ae20-b080-fa3e53e3a26d-1024x682.jpg 1024w, https:\/\/neanoticias.com\/wp-content\/uploads\/2024\/08\/34404fa4-a80c-ae20-b080-fa3e53e3a26d-300x200.jpg 300w, https:\/\/neanoticias.com\/wp-content\/uploads\/2024\/08\/34404fa4-a80c-ae20-b080-fa3e53e3a26d-768x512.jpg 768w, https:\/\/neanoticias.com\/wp-content\/uploads\/2024\/08\/34404fa4-a80c-ae20-b080-fa3e53e3a26d.jpg 1280w\" sizes=\"(max-width: 1024px) 100vw, 1024px\" \/><\/figure>\n\n\n\n<p>Las Ferias de la Ciudad, organizadas por la Municipalidad de Corrientes, llegar\u00e1n a distintos espacios p\u00fablicos desde el lunes 5 &nbsp;al domingo 11 de agosto.<\/p>\n\n\n\n<p>El recorrido iniciar\u00e1 el lunes 5 en la plaza Rep\u00fablica del Per\u00fa -Patagonia entre Av. La Paz y Av. Paysand\u00fa- del barrio Mil Viviendas; y en la plazoleta Los Inmigrantes, en Ac. Correa Fern\u00e1ndez y Av. Sarmiento-, del barrio Ber\u00f3n de Astrada.<\/p>\n\n\n\n<p>Los feriantes estar\u00e1n el martes 6 en la esquina de San Lorenzo y Bol\u00edvar (plaza Torrent) y por Brasil, frente a la Escuela 6 (plazoleta Los Amigos) en el barrio Libertad.<\/p>\n\n\n\n<p>Las ferias volver\u00e1n a estar en la plaza Torrent el mi\u00e9rcoles 7; en tanto que se ubicar\u00e1n en la plaza La Cruz, por calle Salta, en el barrio del mismo nombre, el jueves 8.&nbsp;<\/p>\n\n\n\n<p>El viernes 9 se repetir\u00e1 la propuesta, en simult\u00e1neo, en la plaza Rep\u00fablica del Per\u00fa de las Mil Viviendas (Av. Patagonia entre Av. La Paz y Av. Paysand\u00fa); en la plazoleta Los Inmigrantes del barrio Ber\u00f3n de Astrada ; frente al Colegio Illia (Larrea al 3400) del barrio Laguna Seca; &nbsp;en la plaza Per\u00f3n (Tierra del Fuego y Ciudad de Arequipa) del barrio Santa Mar\u00eda; y en la plaza Evita (Sarmiento y Maip\u00fa) en el Ber\u00f3n de Astrada<\/p>\n\n\n\n<p>El recorrido continuar\u00e1 el s\u00e1bado 10, de 8 a 13, por la calle Pil\u00fa G\u00f3mez y Jos\u00e9 Rol\u00f3n, en el parque Mitre. Y &nbsp;en el Paseo Arazaty, de 10 a 22.<\/p>\n\n\n\n<p>En tanto que el domingo 11 habr\u00e1 puesteros en el Paseo Arazaty que ofrecer\u00e1n, de 10 a 20, plantas ornamentales, ofertas gastron\u00f3micas, artesan\u00edas y manualidades.<\/p>\n\n\n\n<p>&nbsp;CRONOGRAMA COMPLETO&nbsp;<\/p>\n\n\n\n<p>Lunes 5 de agosto: barrio Mil Viviendas (plaza Rep\u00fablica del Per\u00fa) y barrio Ber\u00f3n de Astrada (plazoleta de los Inmigrantes)<\/p>\n\n\n\n<p>Martes 6 de agosto: barrio Centro (plaza Torrent) y barrio Libertad (plazoleta Los Amigos).<\/p>\n\n\n\n<p>Mi\u00e9rcoles 7 de agosto: barrio Centro (plaza Torrent)<\/p>\n\n\n\n<p>Jueves 8 de agosto: barrio La Cruz (plaza La Cruz).<\/p>\n\n\n\n<p>Viernes 9 de agosto: barrio Mil Viviendas (plaza Rep\u00fablica del Per\u00fa), barrio Ber\u00f3n de Astrada (plazoleta Los Inmigrantes), barrio Laguna Seca (Larrea al 3400), barrio Santa Mar\u00eda (plaza Per\u00f3n), barrio Ber\u00f3n de Astrada (plaza Evita)<\/p>\n\n\n\n<p>S\u00e1bado 10 de agosto: barrio Aldana (parque Mitre) y Paseo Arazaty (10 a 22).<\/p>\n\n\n\n<p>Domingo 11 de agosto: Paseo Arazaty<\/p>\n","protected":false},"excerpt":{"rendered":"<p>Con su habitual propuesta de productos de calidad y precios convenientes, los feriantes se instalar\u00e1n&#8230;<\/p>\n","protected":false},"author":1,"featured_media":1562,"comment_status":"open","ping_status":"open","sticky":false,"template":"","format":"standard","meta":[],"categories":[1],"tags":[],"_links":{"self":[{"href":"https:\/\/neanoticias.com\/index.php\/wp-json\/wp\/v2\/posts\/1561"}],"collection":[{"href":"https:\/\/neanoticias.com\/index.php\/wp-json\/wp\/v2\/posts"}],"about":[{"href":"https:\/\/neanoticias.com\/index.php\/wp-json\/wp\/v2\/types\/post"}],"author":[{"embeddable":true,"href":"https:\/\/neanoticias.com\/index.php\/wp-json\/wp\/v2\/users\/1"}],"replies":[{"embeddable":true,"href":"https:\/\/neanoticias.com\/index.php\/wp-json\/wp\/v2\/comments?post=1561"}],"version-history":[{"count":1,"href":"https:\/\/neanoticias.com\/index.php\/wp-json\/wp\/v2\/posts\/1561\/revisions"}],"predecessor-version":[{"id":1563,"href":"https:\/\/neanoticias.com\/index.php\/wp-json\/wp\/v2\/posts\/1561\/revisions\/1563"}],"wp:featuredmedia":[{"embeddable":true,"href":"https:\/\/neanoticias.com\/index.php\/wp-json\/wp\/v2\/media\/1562"}],"wp:attachment":[{"href":"https:\/\/neanoticias.com\/index.php\/wp-json\/wp\/v2\/media?parent=1561"}],"wp:term":[{"taxonomy":"category","embeddable":true,"href":"https:\/\/neanoticias.com\/index.php\/wp-json\/wp\/v2\/categories?post=1561"},{"taxonomy":"post_tag","embeddable":true,"href":"https:\/\/neanoticias.com\/index.php\/wp-json\/wp\/v2\/tags?post=1561"}],"curies":[{"name":"wp","href":"https:\/\/api.w.org\/{rel}","templated":true}]}}