{"id":1558,"date":"2024-08-19T06:54:39","date_gmt":"2024-08-19T06:54:39","guid":{"rendered":"https:\/\/neanoticias.com\/?p=1558"},"modified":"2024-08-19T06:54:39","modified_gmt":"2024-08-19T06:54:39","slug":"mejoraron-las-ventas-de-maquinaria-agricola-en-julio-a-que-se-debio","status":"publish","type":"post","link":"https:\/\/neanoticias.com\/index.php\/2024\/08\/19\/mejoraron-las-ventas-de-maquinaria-agricola-en-julio-a-que-se-debio\/","title":{"rendered":"MEJORARON LAS VENTAS DE MAQUINARIA AGR\u00cdCOLA EN JULIO: A QU\u00c9 SE DEBI\u00d3"},"content":{"rendered":"\n<p>Algunos segmentos tuvieron subas &#8220;notables&#8221; y otros leves. En los primeros siete meses del a\u00f1o hubo una ca\u00edda del 23,9%.<\/p>\n\n\n\n<figure class=\"wp-block-image size-full\"><img loading=\"lazy\" width=\"700\" height=\"399\" src=\"https:\/\/neanoticias.com\/wp-content\/uploads\/2024\/08\/224201.jpg_nota.jpg\" alt=\"\" class=\"wp-image-1559\" srcset=\"https:\/\/neanoticias.com\/wp-content\/uploads\/2024\/08\/224201.jpg_nota.jpg 700w, https:\/\/neanoticias.com\/wp-content\/uploads\/2024\/08\/224201.jpg_nota-300x171.jpg 300w\" sizes=\"(max-width: 700px) 100vw, 700px\" \/><\/figure>\n\n\n\n<p>En julio se registr\u00f3 una recuperaci\u00f3n parcial en el sector de la maquinaria agr\u00edcola, con aumentos notables en las ventas de algunos productos en comparaci\u00f3n con el mes anterior. As\u00ed lo inform\u00f3 la Divisi\u00f3n de Maquinaria Agr\u00edcola de la Asociaci\u00f3n de Concesionarios de Automotores de la Rep\u00fablica Argentina (ACARA). No obstante, los fabricantes advirtieron que las cifras acumuladas anuales a\u00fan presentan desaf\u00edos en comparaci\u00f3n con 2023.<\/p>\n\n\n\n<p>Seg\u00fan ACARA, los patentamientos de cosechadoras, tractores y pulverizadoras en julio alcanzaron las 636 unidades, lo que representa un aumento del 2,6% interanual respecto a las 620 unidades registradas en el mismo mes del a\u00f1o pasado. En relaci\u00f3n a junio de 2024, hubo un crecimiento significativo del 55,1%, dado que en ese mes se hab\u00edan patentado 400 unidades.<\/p>\n\n\n\n<p>Sin embargo, el acumulado de los primeros siete meses del a\u00f1o sum\u00f3 3.043 unidades, lo que significa una ca\u00edda del 23,9% en comparaci\u00f3n con las 4.001 unidades del mismo per\u00edodo en 2023.<\/p>\n\n\n\n<h2><strong>Factores de la recuperaci\u00f3n<\/strong><\/h2>\n\n\n\n<p>ACARA atribuy\u00f3 esta recuperaci\u00f3n a m\u00faltiples factores, incluyendo los negocios derivados de Agroactiva y la decisi\u00f3n de algunos clientes de convertir sus granos en maquinaria ante la tendencia bajista de los precios.&nbsp;<em><strong>&#8220;Veremos si esta tendencia se mantiene para aspirar a un a\u00f1o neutro&#8221;<\/strong><\/em>, analizaron desde la asociaci\u00f3n.<\/p>\n\n\n\n<h2><strong>Desempe\u00f1o por m\u00e1quinas<\/strong><\/h2>\n\n\n\n<h3><strong><em>Cosechadoras<\/em><\/strong><\/h3>\n\n\n\n<p>En julio se patentaron 57 cosechadoras, lo que representa un aumento del 54,1% respecto a las 37 unidades registradas en junio y un 39% m\u00e1s en comparaci\u00f3n con las 41 unidades de julio de 2023.<\/p>\n\n\n\n<h3><em><strong>Tractores<\/strong><\/em><\/h3>\n\n\n\n<p>Los patentamientos de tractores en julio ascendieron a 508 unidades, una cifra que representa un incremento del 54,9% respecto a las 328 unidades de junio. No obstante, es un 2,3% inferior a las 520 unidades registradas en julio de 2023.<\/p>\n\n\n\n<h3><strong><em>Pulverizadoras<\/em><\/strong><\/h3>\n\n\n\n<p>En julio se patentaron 71 pulverizadoras, lo que supone un incremento del 57,8% en comparaci\u00f3n con las 45 unidades de junio y un aumento del 20,3% interanual respecto a las 59 unidades registradas en julio de 2023.<\/p>\n","protected":false},"excerpt":{"rendered":"<p>Algunos segmentos tuvieron subas &#8220;notables&#8221; y otros leves. En los primeros siete meses del a\u00f1o&#8230;<\/p>\n","protected":false},"author":1,"featured_media":1559,"comment_status":"open","ping_status":"open","sticky":false,"template":"","format":"standard","meta":[],"categories":[1],"tags":[],"_links":{"self":[{"href":"https:\/\/neanoticias.com\/index.php\/wp-json\/wp\/v2\/posts\/1558"}],"collection":[{"href":"https:\/\/neanoticias.com\/index.php\/wp-json\/wp\/v2\/posts"}],"about":[{"href":"https:\/\/neanoticias.com\/index.php\/wp-json\/wp\/v2\/types\/post"}],"author":[{"embeddable":true,"href":"https:\/\/neanoticias.com\/index.php\/wp-json\/wp\/v2\/users\/1"}],"replies":[{"embeddable":true,"href":"https:\/\/neanoticias.com\/index.php\/wp-json\/wp\/v2\/comments?post=1558"}],"version-history":[{"count":1,"href":"https:\/\/neanoticias.com\/index.php\/wp-json\/wp\/v2\/posts\/1558\/revisions"}],"predecessor-version":[{"id":1560,"href":"https:\/\/neanoticias.com\/index.php\/wp-json\/wp\/v2\/posts\/1558\/revisions\/1560"}],"wp:featuredmedia":[{"embeddable":true,"href":"https:\/\/neanoticias.com\/index.php\/wp-json\/wp\/v2\/media\/1559"}],"wp:attachment":[{"href":"https:\/\/neanoticias.com\/index.php\/wp-json\/wp\/v2\/media?parent=1558"}],"wp:term":[{"taxonomy":"category","embeddable":true,"href":"https:\/\/neanoticias.com\/index.php\/wp-json\/wp\/v2\/categories?post=1558"},{"taxonomy":"post_tag","embeddable":true,"href":"https:\/\/neanoticias.com\/index.php\/wp-json\/wp\/v2\/tags?post=1558"}],"curies":[{"name":"wp","href":"https:\/\/api.w.org\/{rel}","templated":true}]}}