{"id":1555,"date":"2024-08-19T06:52:45","date_gmt":"2024-08-19T06:52:45","guid":{"rendered":"https:\/\/neanoticias.com\/?p=1555"},"modified":"2024-08-19T06:52:46","modified_gmt":"2024-08-19T06:52:46","slug":"javier-saviola-fue-detenido-en-adorra-y-paso-una-noche-en-la-carcel","status":"publish","type":"post","link":"https:\/\/neanoticias.com\/index.php\/2024\/08\/19\/javier-saviola-fue-detenido-en-adorra-y-paso-una-noche-en-la-carcel\/","title":{"rendered":"JAVIER SAVIOLA FUE DETENIDO EN ADORRA Y PAS\u00d3 UNA NOCHE EN LA C\u00c1RCEL"},"content":{"rendered":"\n<p>El exfutbolista de River permaneci\u00f3 en prisi\u00f3n tras un control policial realizado en el marco de la campa\u00f1a de \u201cprevenci\u00f3n de alcohol y drogas al volante\u201d.<\/p>\n\n\n\n<figure class=\"wp-block-image size-full\"><img loading=\"lazy\" width=\"700\" height=\"391\" src=\"https:\/\/neanoticias.com\/wp-content\/uploads\/2024\/08\/666741.jpg_nota.jpg\" alt=\"\" class=\"wp-image-1556\" srcset=\"https:\/\/neanoticias.com\/wp-content\/uploads\/2024\/08\/666741.jpg_nota.jpg 700w, https:\/\/neanoticias.com\/wp-content\/uploads\/2024\/08\/666741.jpg_nota-300x168.jpg 300w\" sizes=\"(max-width: 700px) 100vw, 700px\" \/><\/figure>\n\n\n\n<p>Javier Saviola&nbsp;pas\u00f3 una noche del \u00faltimo fin de semana en una c\u00e1rcel de&nbsp;Andorra. El exfutbolista de&nbsp;River&nbsp;qued\u00f3 detenido despu\u00e9s de&nbsp;dar positivo en un control de alcoholemia&nbsp;realizado el domingo. En el marco de la campa\u00f1a de prevenci\u00f3n de alcohol y drogas al volante, se le hizo un control rutinario al Conejo, que dio&nbsp;1,10 gramos de alcohol&nbsp;por litro en sangre, seg\u00fan inform\u00f3 el medio local&nbsp;Altaveu.<\/p>\n\n\n\n<p>La prueba fue a las\u00a05.30 de la madrugada\u00a0del domingo. El futbolista argentino, que juega al f\u00fatbol sala en dicho pa\u00eds, donde se encuentra establecido desde hace tiempo, fue a una fiesta y no pas\u00f3 el control de alcoholemia: aunque el \u00edndice no era exagerado, s\u00ed era punible,\u00a0por lo que el jugador comprendi\u00f3 lo sucedido y no estaba alterado, seg\u00fan el citado medio. Despu\u00e9s de unas horas, el argentino recuper\u00f3 su libertad.<\/p>\n\n\n\n<h2><strong>Qu\u00e9 pena podr\u00eda recibir Javier Saviola despu\u00e9s de dar positivo en un control de alcoholemia<\/strong><\/h2>\n\n\n\n<p>En Andorra, las condenas en cuesti\u00f3n conllevan una pena condicional que el exfutbolista deber\u00eda cumplir en caso de que reitere en cualquier conducta punible en un plazo de un par de a\u00f1os: una&nbsp;multa econ\u00f3mica&nbsp;y hasta podr\u00eda sufrir que le saquen el carnet de conducir durante unos meses.<\/p>\n\n\n\n<p>La del El Conejo fue una de las cinco detenciones ocurridas el fin de semana, en el marco de la campa\u00f1a de prevenci\u00f3n de alcohol y drogas al volante. Las otras personas dieron unas tasas superiores a 0,87 g\/ls, donde la tasa m\u00e1s elevada fue de 2,77 g\/ls.<\/p>\n\n\n\n<h2><strong>La nueva vida de Javier Saviola en Andorra<\/strong><\/h2>\n\n\n\n<p>Javier Saviola es el segundo entrenador de \u00d3scar L\u00f3pez en el F\u00fatbol Club Barcelona Juvenil \u201cA\u201d y, adem\u00e1s, es jugador de futsal en el F. C. Encamp, equipo donde juega desde 2018 y con el que gan\u00f3 cuatro torneos consecutivos.<\/p>\n","protected":false},"excerpt":{"rendered":"<p>El exfutbolista de River permaneci\u00f3 en prisi\u00f3n tras un control policial realizado en el marco&#8230;<\/p>\n","protected":false},"author":1,"featured_media":1556,"comment_status":"open","ping_status":"open","sticky":false,"template":"","format":"standard","meta":[],"categories":[1],"tags":[],"_links":{"self":[{"href":"https:\/\/neanoticias.com\/index.php\/wp-json\/wp\/v2\/posts\/1555"}],"collection":[{"href":"https:\/\/neanoticias.com\/index.php\/wp-json\/wp\/v2\/posts"}],"about":[{"href":"https:\/\/neanoticias.com\/index.php\/wp-json\/wp\/v2\/types\/post"}],"author":[{"embeddable":true,"href":"https:\/\/neanoticias.com\/index.php\/wp-json\/wp\/v2\/users\/1"}],"replies":[{"embeddable":true,"href":"https:\/\/neanoticias.com\/index.php\/wp-json\/wp\/v2\/comments?post=1555"}],"version-history":[{"count":1,"href":"https:\/\/neanoticias.com\/index.php\/wp-json\/wp\/v2\/posts\/1555\/revisions"}],"predecessor-version":[{"id":1557,"href":"https:\/\/neanoticias.com\/index.php\/wp-json\/wp\/v2\/posts\/1555\/revisions\/1557"}],"wp:featuredmedia":[{"embeddable":true,"href":"https:\/\/neanoticias.com\/index.php\/wp-json\/wp\/v2\/media\/1556"}],"wp:attachment":[{"href":"https:\/\/neanoticias.com\/index.php\/wp-json\/wp\/v2\/media?parent=1555"}],"wp:term":[{"taxonomy":"category","embeddable":true,"href":"https:\/\/neanoticias.com\/index.php\/wp-json\/wp\/v2\/categories?post=1555"},{"taxonomy":"post_tag","embeddable":true,"href":"https:\/\/neanoticias.com\/index.php\/wp-json\/wp\/v2\/tags?post=1555"}],"curies":[{"name":"wp","href":"https:\/\/api.w.org\/{rel}","templated":true}]}}