{"id":155,"date":"2022-09-07T18:30:22","date_gmt":"2022-09-07T18:30:22","guid":{"rendered":"https:\/\/neanoticias.com\/?p=155"},"modified":"2022-09-07T18:30:24","modified_gmt":"2022-09-07T18:30:24","slug":"habrian-rescindido-el-contrato-del-lugar-donde-vivia-fabian-tablado","status":"publish","type":"post","link":"https:\/\/neanoticias.com\/index.php\/2022\/09\/07\/habrian-rescindido-el-contrato-del-lugar-donde-vivia-fabian-tablado\/","title":{"rendered":"HABR\u00cdAN RESCINDIDO EL CONTRATO DEL LUGAR DONDE VIV\u00cdA FABI\u00c1N TABLADO"},"content":{"rendered":"\n<p>As\u00ed lo habr\u00eda confirmado el padre de Carolina Al\u00f3, joven asesinada por Tablado, a Karina Silguero, hermana de Sandra, mujer asesinada por Daniel Borlicher, quien se encuentra pr\u00f3fugo hasta el d\u00eda de hoy. Se hab\u00eda confirmado hace unos d\u00edas que Tablado fue a vivir a la ciudad correntina de Virasoro, pero ahora el propietario del establecimiento en donde viv\u00eda lo habr\u00eda echado debido al repudio general.<\/p>\n\n\n\n<p><\/p>\n\n\n\n<figure class=\"wp-block-image size-full\"><img loading=\"lazy\" width=\"700\" height=\"393\" src=\"https:\/\/neanoticias.com\/wp-content\/uploads\/2022\/09\/374534.jpg_nota.jpg\" alt=\"\" class=\"wp-image-156\" srcset=\"https:\/\/neanoticias.com\/wp-content\/uploads\/2022\/09\/374534.jpg_nota.jpg 700w, https:\/\/neanoticias.com\/wp-content\/uploads\/2022\/09\/374534.jpg_nota-300x168.jpg 300w\" sizes=\"(max-width: 700px) 100vw, 700px\" \/><\/figure>\n\n\n\n<p>Se confirm\u00f3 que\u00a0<strong>habr\u00edan rescindido el contrato del lugar en donde viv\u00eda Fabi\u00e1n Tablado, asesino de Carolina Al\u00f3 en 1996, en la localidad correntina de Virasoro.<\/strong>\u00a0La informaci\u00f3n fue confirmada por Karina Silguero, hermana de Sandra Silguero, mujer asesinada en 2015 por Daniel Borlicher, quien actualmente se encuentra pr\u00f3fugo.<\/p>\n\n\n\n<p>\u201cMe comuniqu\u00e9 con el padre de Carolina, Edgardo, y&nbsp;<strong>me confirm\u00f3 que Fabi\u00e1n Tablado entreg\u00f3 las llaves del departamento en donde viv\u00eda y que el due\u00f1o del mismo decidi\u00f3 rescindir el contrato<\/strong>\u201d, explic\u00f3 Silguero en la comunicaci\u00f3n.<\/p>\n\n\n\n<p>\u201cAhora tendr\u00edamos que ver a d\u00f3nde se fue, si es que sigue en Corrientes o si se fue a otro lugar.&nbsp;<strong>Este tipo no va a poder vivir en paz nunca. Lo que no hizo la justicia lo va a hacer la sociedad con la condena social<\/strong>\u201d, a\u00f1adi\u00f3 posteriormente.<\/p>\n","protected":false},"excerpt":{"rendered":"<p>As\u00ed lo habr\u00eda confirmado el padre de Carolina Al\u00f3, joven asesinada por Tablado, a Karina&#8230;<\/p>\n","protected":false},"author":1,"featured_media":156,"comment_status":"open","ping_status":"open","sticky":false,"template":"","format":"standard","meta":[],"categories":[1],"tags":[],"_links":{"self":[{"href":"https:\/\/neanoticias.com\/index.php\/wp-json\/wp\/v2\/posts\/155"}],"collection":[{"href":"https:\/\/neanoticias.com\/index.php\/wp-json\/wp\/v2\/posts"}],"about":[{"href":"https:\/\/neanoticias.com\/index.php\/wp-json\/wp\/v2\/types\/post"}],"author":[{"embeddable":true,"href":"https:\/\/neanoticias.com\/index.php\/wp-json\/wp\/v2\/users\/1"}],"replies":[{"embeddable":true,"href":"https:\/\/neanoticias.com\/index.php\/wp-json\/wp\/v2\/comments?post=155"}],"version-history":[{"count":1,"href":"https:\/\/neanoticias.com\/index.php\/wp-json\/wp\/v2\/posts\/155\/revisions"}],"predecessor-version":[{"id":157,"href":"https:\/\/neanoticias.com\/index.php\/wp-json\/wp\/v2\/posts\/155\/revisions\/157"}],"wp:featuredmedia":[{"embeddable":true,"href":"https:\/\/neanoticias.com\/index.php\/wp-json\/wp\/v2\/media\/156"}],"wp:attachment":[{"href":"https:\/\/neanoticias.com\/index.php\/wp-json\/wp\/v2\/media?parent=155"}],"wp:term":[{"taxonomy":"category","embeddable":true,"href":"https:\/\/neanoticias.com\/index.php\/wp-json\/wp\/v2\/categories?post=155"},{"taxonomy":"post_tag","embeddable":true,"href":"https:\/\/neanoticias.com\/index.php\/wp-json\/wp\/v2\/tags?post=155"}],"curies":[{"name":"wp","href":"https:\/\/api.w.org\/{rel}","templated":true}]}}