{"id":1549,"date":"2024-08-19T05:20:18","date_gmt":"2024-08-19T05:20:18","guid":{"rendered":"https:\/\/neanoticias.com\/?p=1549"},"modified":"2024-08-19T05:20:19","modified_gmt":"2024-08-19T05:20:19","slug":"el-hombre-de-la-capucha-y-la-pista-que-complica-a-fierrito-y-al-marido-de-laudelina","status":"publish","type":"post","link":"https:\/\/neanoticias.com\/index.php\/2024\/08\/19\/el-hombre-de-la-capucha-y-la-pista-que-complica-a-fierrito-y-al-marido-de-laudelina\/","title":{"rendered":"EL &#8220;HOMBRE DE LA CAPUCHA&#8221; Y LA PISTA QUE COMPLICA A &#8220;FIERRITO&#8221; Y AL MARIDO DE LAUDELINA"},"content":{"rendered":"\n<p>Cuatro de los cinco menores que participaron del almuerzo previo a la desaparici\u00f3n del chico de 5 a\u00f1os declararon ayer en el Juzgado Federal de Goya durante m\u00e1s de diez horas. El llamativo perfil de sus testimonios<\/p>\n\n\n\n<figure class=\"wp-block-image size-full\"><img loading=\"lazy\" width=\"700\" height=\"394\" src=\"https:\/\/neanoticias.com\/wp-content\/uploads\/2024\/08\/769083.jpg_nota.jpg\" alt=\"\" class=\"wp-image-1550\" srcset=\"https:\/\/neanoticias.com\/wp-content\/uploads\/2024\/08\/769083.jpg_nota.jpg 700w, https:\/\/neanoticias.com\/wp-content\/uploads\/2024\/08\/769083.jpg_nota-300x169.jpg 300w\" sizes=\"(max-width: 700px) 100vw, 700px\" \/><\/figure>\n\n\n\n<p>Ayer lunes, a lo largo de diez horas,&nbsp;cuatro de los cinco ni\u00f1os que acompa\u00f1aron a Loan Danilo Pe\u00f1a en su \u00faltimo almuerzo y en el paseo por el naranjal&nbsp;que culminar\u00eda en su desaparici\u00f3n declararon otra vez ante la Justicia. Lo hicieron en el Juzgado Federal de Goya, a cargo de Cristina Pozzer Penzo, bajo&nbsp;el dispositivo de c\u00e1mara Gesell, bajo la mirada de los abogados querellantes del caso y de los defensores de los siete detenidos.<\/p>\n\n\n\n<p>En las \u00faltimas horas, trascendi\u00f3 que una ni\u00f1a asegur\u00f3 que&nbsp;\u201cun hombre con capucha\u201d&nbsp;se llev\u00f3 a Loan. Efectivamente, as\u00ed lo declar\u00f3. Dijo que un hombre encapuchado&nbsp;\u201ccon un tatuaje\u201d&nbsp;rapt\u00f3 al chico. Sin embargo, los investigadores del caso descreyeron de inmediato de esta pista, a simple vista conveniente para los imputados:&nbsp;la propia ni\u00f1a reconoci\u00f3 que no estaba all\u00ed cuando el supuesto secuestrador tomaba a Loan, sino a varios metros de distancia, con otras menores.<\/p>\n\n\n\n<p>La menor, por otra parte, no hablaba de Loan, no directamente. Los menores, en general,&nbsp;se refer\u00edan al \u201ccaso Loan\u201d, no hablaban de su v\u00ednculo con el chico desaparecido desde el 13 de junio.&nbsp;\u201cA simple vista, fueron relatos muy condicionados por los medios de comunicaci\u00f3n\u201d, asegura una fuente clave del expediente.<\/p>\n\n\n\n<p>Hubo, tambi\u00e9n, otro dato interesante. Lo dijo uno de los varones que dieron su testimonio ayer. Afirm\u00f3 que&nbsp;Daniel \u201cFierrito\u201d Ram\u00edrez y Antonio Ben\u00edtez, marido de Laudelina Pe\u00f1a, dos de los principales acusados del caso, presos hasta hoy en penales federales, le anunciaron al grupo en un momento que&nbsp;se ir\u00edan \u201ca cazar carpinchos\u201d. Incluso, que Ram\u00edrez, marido de M\u00f3nica Millapi, ten\u00eda en sus manos \u201cuna escopeta\u201d.<\/p>\n\n\n\n<p>La investigaci\u00f3n de los fiscales del caso determin\u00f3 que, efectivamente,&nbsp;Ram\u00edrez se dedicaba a la caza.&nbsp;As\u00ed se mostraba, por ejemplo, en posteos de redes sociales. Sin embargo, no se hall\u00f3 ning\u00fan arma en el allanamiento a su domicilio.<\/p>\n\n\n\n<p>Para los fiscales, esta menci\u00f3n fue una sorpresa.&nbsp;La supuesta excursi\u00f3n en busca de carpinchos no se encontraba hasta ahora en el expediente.<\/p>\n\n\n\n<p>As\u00ed,&nbsp;el caso lleva casi dos meses sin pistas firmes&nbsp;sobre qu\u00e9 pas\u00f3 con Loan, a d\u00f3nde se lo llevaron y qu\u00e9 hicieron con \u00e9l. En los pr\u00f3ximos d\u00edas, la jueza Pozzer Penzo deber\u00e1 resolver las situaciones procesales de los acusados, para determinar si los procesa con prisi\u00f3n preventiva, los sobresee o dicta la falta de m\u00e9rito.<\/p>\n\n\n\n<p>El viernes pasado,&nbsp;efectivos de la PFA incautaron en Goya el tel\u00e9fono de C\u00e9sar Pe\u00f1a, hermano de Loan:&nbsp;el joven entreg\u00f3 el tel\u00e9fono sin resistirse cuando la Federal lleg\u00f3 a su domicilio. El pedido de pericia que llev\u00f3 a su incautaci\u00f3n fue realizado por uno de los abogados que representa a Millapi y Ram\u00edrez.<\/p>\n","protected":false},"excerpt":{"rendered":"<p>Cuatro de los cinco menores que participaron del almuerzo previo a la desaparici\u00f3n del chico&#8230;<\/p>\n","protected":false},"author":1,"featured_media":1550,"comment_status":"open","ping_status":"open","sticky":false,"template":"","format":"standard","meta":[],"categories":[1],"tags":[],"_links":{"self":[{"href":"https:\/\/neanoticias.com\/index.php\/wp-json\/wp\/v2\/posts\/1549"}],"collection":[{"href":"https:\/\/neanoticias.com\/index.php\/wp-json\/wp\/v2\/posts"}],"about":[{"href":"https:\/\/neanoticias.com\/index.php\/wp-json\/wp\/v2\/types\/post"}],"author":[{"embeddable":true,"href":"https:\/\/neanoticias.com\/index.php\/wp-json\/wp\/v2\/users\/1"}],"replies":[{"embeddable":true,"href":"https:\/\/neanoticias.com\/index.php\/wp-json\/wp\/v2\/comments?post=1549"}],"version-history":[{"count":1,"href":"https:\/\/neanoticias.com\/index.php\/wp-json\/wp\/v2\/posts\/1549\/revisions"}],"predecessor-version":[{"id":1551,"href":"https:\/\/neanoticias.com\/index.php\/wp-json\/wp\/v2\/posts\/1549\/revisions\/1551"}],"wp:featuredmedia":[{"embeddable":true,"href":"https:\/\/neanoticias.com\/index.php\/wp-json\/wp\/v2\/media\/1550"}],"wp:attachment":[{"href":"https:\/\/neanoticias.com\/index.php\/wp-json\/wp\/v2\/media?parent=1549"}],"wp:term":[{"taxonomy":"category","embeddable":true,"href":"https:\/\/neanoticias.com\/index.php\/wp-json\/wp\/v2\/categories?post=1549"},{"taxonomy":"post_tag","embeddable":true,"href":"https:\/\/neanoticias.com\/index.php\/wp-json\/wp\/v2\/tags?post=1549"}],"curies":[{"name":"wp","href":"https:\/\/api.w.org\/{rel}","templated":true}]}}