{"id":1546,"date":"2024-08-19T05:17:19","date_gmt":"2024-08-19T05:17:19","guid":{"rendered":"https:\/\/neanoticias.com\/?p=1546"},"modified":"2024-08-19T05:17:21","modified_gmt":"2024-08-19T05:17:21","slug":"juan-sebastian-veron-y-valentina-martin-esperan-su-primer-hijo","status":"publish","type":"post","link":"https:\/\/neanoticias.com\/index.php\/2024\/08\/19\/juan-sebastian-veron-y-valentina-martin-esperan-su-primer-hijo\/","title":{"rendered":"JUAN SEBASTI\u00c1N VER\u00d3N Y VALENTINA MART\u00cdN ESPERAN SU PRIMER HIJO"},"content":{"rendered":"\n<p>El presidente de Estudiantes de la Plata y la joven abogada se encuentran en la dulce espera, seg\u00fan se revel\u00f3 en LAM en exclusiva.<\/p>\n\n\n\n<figure class=\"wp-block-image size-full\"><img loading=\"lazy\" width=\"700\" height=\"437\" src=\"https:\/\/neanoticias.com\/wp-content\/uploads\/2024\/08\/814128.jpg_nota.jpg\" alt=\"\" class=\"wp-image-1547\" srcset=\"https:\/\/neanoticias.com\/wp-content\/uploads\/2024\/08\/814128.jpg_nota.jpg 700w, https:\/\/neanoticias.com\/wp-content\/uploads\/2024\/08\/814128.jpg_nota-300x187.jpg 300w, https:\/\/neanoticias.com\/wp-content\/uploads\/2024\/08\/814128.jpg_nota-400x250.jpg 400w\" sizes=\"(max-width: 700px) 100vw, 700px\" \/><\/figure>\n\n\n\n<p>Juan Sebasti\u00e1n Ver\u00f3n&nbsp;ser\u00e1 padre por tercera vez en su vida y ser\u00e1 el primer hijo que tenga junto a&nbsp;Valentina Mart\u00edn, su actual esposa. Con 49 a\u00f1os, el presidente de Estudiantes de La Plata ser\u00e1 pap\u00e1 por tercera vez, despu\u00e9s de haber tenido a&nbsp;Lara&nbsp;y&nbsp;Deian Ver\u00f3n, fruto de su relaci\u00f3n con&nbsp;Mar\u00eda Florencia Vinaccia, de quien se separ\u00f3 en 2020.<\/p>\n\n\n\n<p>La noticia fue revelada en\u00a0LAM\u00a0(Am\u00e9rica) luego de dar pistas y mantenerlo en \u201cenigm\u00e1tico\u201d. Finalmente, fue el panelista Pepe Ochoa quien dio el nombre de la Brujita, quien renovar\u00e1 su paternidad. \u201cLa Brujita Ver\u00f3n y Valentina Mart\u00edn van a ser pap\u00e1s. Est\u00e1n de cuatro meses y medio\u201d, cont\u00f3 el panelista en el programa que conduce\u00a0\u00c1ngel de Brito. Por otra parte, se\u00f1al\u00f3 que las familias de ambos \u201cya est\u00e1n enteradas del embarazo y saben todo\u201d.<\/p>\n\n\n\n<p><strong>En septiembre del a\u00f1o pasado, Ver\u00f3n y Mart\u00edn se casaron a trav\u00e9s de una ceremonia \u00edntima.<\/strong>&nbsp;Pero en noviembre dieron una gran fiesta&nbsp;en una estancia ubicaba en Villa Mar\u00eda, a la que fueron invitadas cerca de 200 personas para celebrar la consolidaci\u00f3n del amor de la pareja. La fiesta se realiz\u00f3 el 11\/11 como se\u00f1al de la importancia que tuvo ese n\u00famero para la carrera profesional de la&nbsp;Brujita&nbsp;y dicha cifra se hizo nuevamente presente en un d\u00eda tan especial para el presidente del club&nbsp;Estudiantes de La Plata. Poco despu\u00e9s de la celebraci\u00f3n, aparecieron las fotos oficiales de la celeraci\u00f3n.<\/p>\n\n\n\n<p>Aquellos privilegiados que vivieron en primera persona el evento, sacaron sus celulares en tres momentos claves de la celebraci\u00f3n. Primero, la aparici\u00f3n de\u00a0Abel Pintos con una guitarra ac\u00fastica para cantarle una canci\u00f3n\u00a0a los protagonistas y, cuando termino, se fundieron en un abrazo con un mar de aplausos de fondo. Otra divertida escena se dio en el ingreso de los novios al sal\u00f3n: unas pantallas led cambiaron de color al ritmo de la m\u00fasica hasta\u00a0abrirse a la mitad y permitir el paso de Juan y Valentina al lugar donde estaban todos sus seres queridos.<\/p>\n\n\n\n<p>En tercer lugar, a los invitados les encant\u00f3&nbsp;el show de La K\u2019onga&nbsp;y filmaron varias perspectivas de distintas canciones. La pareja se subi\u00f3 al escenario a cantar varios de los temas ya con la fiesta sumergida en la noche. Vale recordar que pocos d\u00edas antes, la banda ofreci\u00f3 un show en el estadio UNO Jos\u00e9 Luis Hirschi&nbsp;y adem\u00e1s algunos integrantes mantienen&nbsp;una estrecha relaci\u00f3n de amistad con Ver\u00f3n.<\/p>\n\n\n\n<p>En sus redes sociales Valentina escribi\u00f3 unas emotivas palabras para su esposo.\u00a0<strong>\u201cPodr\u00eda decir que es el d\u00eda m\u00e1s feliz de mi vida, pero con vos vengo acumulando ya varios.\u00a0Sos todo lo que so\u00f1\u00e9, sali\u00f3 todo como lo imagin\u00e9:\u00a0m\u00e1gico,\u00a0\u00fanico,\u00a0como todo lo que vivo con vos d\u00eda a d\u00eda. Caminemos juntos este camino de la vida y no me sueltes nunca la mano, soy\u00a0LA MUJER M\u00c1S FELIZ DEL MUNDO<\/strong>\u201d, arranc\u00f3 expresando la abogada de 29 a\u00f1os, quien decor\u00f3 su perfil de Instagram con varias fotos de la especial jornada que vivi\u00f3.<\/p>\n\n\n\n<p>Y a\u00f1adi\u00f3 al respecto: \ufe0f&#8221;Gracias a todos los que acompa\u00f1aron para que fuese una noche so\u00f1ada, vinimos a esta vida a festejar los lindos momentos con la gente que queremos, que al final es lo \u00fanico que nos llevamos, y estamos de pasada. \u00a1Amar es lo m\u00e1s lindo que nos puede pasar!\u201d. Por su parte, la\u00a0Brujita\u00a0coment\u00f3 la publicaci\u00f3n para confirmar el amor.\u00a0\u201cFeliz de tenerte, de acompa\u00f1arte en este momento de tu vida,\u00a0que nos encuentre siempre as\u00ed festejando con amigos. Te amo\u201d, concluy\u00f3 el exvolante de equipos como Boca Juniors, Sampdoria y la Selecci\u00f3n Argentina de F\u00fatbol.<\/p>\n","protected":false},"excerpt":{"rendered":"<p>El presidente de Estudiantes de la Plata y la joven abogada se encuentran en la&#8230;<\/p>\n","protected":false},"author":1,"featured_media":1547,"comment_status":"open","ping_status":"open","sticky":false,"template":"","format":"standard","meta":[],"categories":[1],"tags":[],"_links":{"self":[{"href":"https:\/\/neanoticias.com\/index.php\/wp-json\/wp\/v2\/posts\/1546"}],"collection":[{"href":"https:\/\/neanoticias.com\/index.php\/wp-json\/wp\/v2\/posts"}],"about":[{"href":"https:\/\/neanoticias.com\/index.php\/wp-json\/wp\/v2\/types\/post"}],"author":[{"embeddable":true,"href":"https:\/\/neanoticias.com\/index.php\/wp-json\/wp\/v2\/users\/1"}],"replies":[{"embeddable":true,"href":"https:\/\/neanoticias.com\/index.php\/wp-json\/wp\/v2\/comments?post=1546"}],"version-history":[{"count":1,"href":"https:\/\/neanoticias.com\/index.php\/wp-json\/wp\/v2\/posts\/1546\/revisions"}],"predecessor-version":[{"id":1548,"href":"https:\/\/neanoticias.com\/index.php\/wp-json\/wp\/v2\/posts\/1546\/revisions\/1548"}],"wp:featuredmedia":[{"embeddable":true,"href":"https:\/\/neanoticias.com\/index.php\/wp-json\/wp\/v2\/media\/1547"}],"wp:attachment":[{"href":"https:\/\/neanoticias.com\/index.php\/wp-json\/wp\/v2\/media?parent=1546"}],"wp:term":[{"taxonomy":"category","embeddable":true,"href":"https:\/\/neanoticias.com\/index.php\/wp-json\/wp\/v2\/categories?post=1546"},{"taxonomy":"post_tag","embeddable":true,"href":"https:\/\/neanoticias.com\/index.php\/wp-json\/wp\/v2\/tags?post=1546"}],"curies":[{"name":"wp","href":"https:\/\/api.w.org\/{rel}","templated":true}]}}