{"id":1540,"date":"2024-08-19T05:12:31","date_gmt":"2024-08-19T05:12:31","guid":{"rendered":"https:\/\/neanoticias.com\/?p=1540"},"modified":"2024-08-19T05:12:32","modified_gmt":"2024-08-19T05:12:32","slug":"no-hay-indicios-de-que-el-encapuchado-sea-amigo-de-benitez","status":"publish","type":"post","link":"https:\/\/neanoticias.com\/index.php\/2024\/08\/19\/no-hay-indicios-de-que-el-encapuchado-sea-amigo-de-benitez\/","title":{"rendered":"&#8220;NO HAY INDICIOS DE QUE EL ENCAPUCHADO SEA AMIGO DE BEN\u00cdTEZ&#8221;"},"content":{"rendered":"\n<p>Ricardo Osuna es el abogado defensor de Antonio Ben\u00edtez, t\u00edo de Loan Pe\u00f1a y uno de los imputados en la desaparici\u00f3n del nene de 5 a\u00f1os, ocurrido en 9 de Julio. A partir de la C\u00e1mara Gesell que se les realiz\u00f3 a los ni\u00f1os que participaron en la ronda en el naranjal, el letrado afirm\u00f3 que esto no complica la situaci\u00f3n de su defendido, sino que \u201caclara la posici\u00f3n de \u00e9l, que es la misma desde el primer d\u00eda\u201d.<\/p>\n\n\n\n<figure class=\"wp-block-image size-full\"><img loading=\"lazy\" width=\"700\" height=\"525\" src=\"https:\/\/neanoticias.com\/wp-content\/uploads\/2024\/08\/712020.png_nota.jpg\" alt=\"\" class=\"wp-image-1541\" srcset=\"https:\/\/neanoticias.com\/wp-content\/uploads\/2024\/08\/712020.png_nota.jpg 700w, https:\/\/neanoticias.com\/wp-content\/uploads\/2024\/08\/712020.png_nota-300x225.jpg 300w\" sizes=\"(max-width: 700px) 100vw, 700px\" \/><\/figure>\n\n\n\n<p>En este sentido, seg\u00fan sus declaraciones, se confirmar\u00eda que \u201ca Loan alguien se lo llev\u00f3\u201d, en alusi\u00f3n al \u201chombre con capucha\u201d que habr\u00eda mencionado uno de los ni\u00f1os en su declaraci\u00f3n. De todas maneras, \u00e9ste encapuchado&nbsp;<strong>\u201cno ser\u00eda un conocido de Ben\u00edtez\u201d<\/strong>, dado que&nbsp;<strong>\u201cno hay ning\u00fan indicio, ni presunci\u00f3n de que pudiera ser amigo de \u00e9l<\/strong>\u201d.<\/p>\n\n\n\n<p>Seg\u00fan se\u00f1al\u00f3 Osuna, seg\u00fan la hip\u00f3tesis de que al ni\u00f1o se lo habr\u00edan llevado entre las 14.20 y las 14.30, \u201c\u00e9l (Ben\u00edtez) a las 14.24 o 14.25 inicia la b\u00fasqueda de Loan y lo primero que hace es llamar a Laudelina\u201d, acot\u00f3 al respecto de la presunta hora en que el peque\u00f1o habr\u00eda desaparecido. Asimismo, destac\u00f3 que procedi\u00f3 despu\u00e9s de esto, se\u00f1alando que el hombre ya explic\u00f3 y evacu\u00f3 \u201ctodas las dudas de los fiscales y\u00a0<strong>est\u00e1 abierto a cualquier ampliaci\u00f3n de declaraci\u00f3n\u201d<\/strong>. En esta l\u00ednea, el letrado despej\u00f3 todas las dudas que pudieran existir alrededor de las declaraciones de su defendido.<\/p>\n\n\n\n<h2><strong>\u00bfQu\u00e9 sigue ahora?<\/strong><\/h2>\n\n\n\n<p>Osuna destac\u00f3 que, tras el levantamiento de sumario, la jueza deber\u00e1 expedirse y recalc\u00f3 que los plazos, \u201cdesde el punto de vista de la defensa de Ben\u00edtez ya est\u00e1n vencido\u201d, por lo cual la jueza tomar\u00e1 medidas nuevas en esta semana.\u00a0<strong>\u201cSeguramente para jueves o viernes podr\u00e1 definir la situaci\u00f3n procesal de los imputados en la causa\u201d.<\/strong><\/p>\n\n\n\n<p>A partir de esto, se podr\u00e1n definir \u201cqu\u00e9 hip\u00f3tesis tiene en la causa para darle cierta entidad y avanzar con un procesamiento o no\u201d, se\u00f1al\u00f3 el abogado. Con respecto a los imputados, \u201ca alguno dictar\u00e1 falta de m\u00e9rito y a otros, procesamiento\u201d, acot\u00f3.<\/p>\n","protected":false},"excerpt":{"rendered":"<p>Ricardo Osuna es el abogado defensor de Antonio Ben\u00edtez, t\u00edo de Loan Pe\u00f1a y uno&#8230;<\/p>\n","protected":false},"author":1,"featured_media":1541,"comment_status":"open","ping_status":"open","sticky":false,"template":"","format":"standard","meta":[],"categories":[1],"tags":[],"_links":{"self":[{"href":"https:\/\/neanoticias.com\/index.php\/wp-json\/wp\/v2\/posts\/1540"}],"collection":[{"href":"https:\/\/neanoticias.com\/index.php\/wp-json\/wp\/v2\/posts"}],"about":[{"href":"https:\/\/neanoticias.com\/index.php\/wp-json\/wp\/v2\/types\/post"}],"author":[{"embeddable":true,"href":"https:\/\/neanoticias.com\/index.php\/wp-json\/wp\/v2\/users\/1"}],"replies":[{"embeddable":true,"href":"https:\/\/neanoticias.com\/index.php\/wp-json\/wp\/v2\/comments?post=1540"}],"version-history":[{"count":1,"href":"https:\/\/neanoticias.com\/index.php\/wp-json\/wp\/v2\/posts\/1540\/revisions"}],"predecessor-version":[{"id":1542,"href":"https:\/\/neanoticias.com\/index.php\/wp-json\/wp\/v2\/posts\/1540\/revisions\/1542"}],"wp:featuredmedia":[{"embeddable":true,"href":"https:\/\/neanoticias.com\/index.php\/wp-json\/wp\/v2\/media\/1541"}],"wp:attachment":[{"href":"https:\/\/neanoticias.com\/index.php\/wp-json\/wp\/v2\/media?parent=1540"}],"wp:term":[{"taxonomy":"category","embeddable":true,"href":"https:\/\/neanoticias.com\/index.php\/wp-json\/wp\/v2\/categories?post=1540"},{"taxonomy":"post_tag","embeddable":true,"href":"https:\/\/neanoticias.com\/index.php\/wp-json\/wp\/v2\/tags?post=1540"}],"curies":[{"name":"wp","href":"https:\/\/api.w.org\/{rel}","templated":true}]}}