{"id":1525,"date":"2024-08-19T04:59:37","date_gmt":"2024-08-19T04:59:37","guid":{"rendered":"https:\/\/neanoticias.com\/?p=1525"},"modified":"2024-08-19T04:59:38","modified_gmt":"2024-08-19T04:59:38","slug":"la-municipalidad-y-el-gremio-se-reunieronpor-nuevas-mejoras-para-los-trabajadores","status":"publish","type":"post","link":"https:\/\/neanoticias.com\/index.php\/2024\/08\/19\/la-municipalidad-y-el-gremio-se-reunieronpor-nuevas-mejoras-para-los-trabajadores\/","title":{"rendered":"LA MUNICIPALIDAD Y EL GREMIO SE REUNIERON<br>POR NUEVAS MEJORAS PARA LOS TRABAJADORES"},"content":{"rendered":"\n<p><em>Se reuni\u00f3 este mediod\u00eda la Comisi\u00f3n Paritaria Permanente municipal. Participaron funcionarios del Departamento Ejecutivo, la Asociaci\u00f3n de Obreros y Empleados Municipales (AOEM) y miembros del Concejo Deliberante capitalino. Se trataron mejoras integrales para que incluye temas salarias y laborales. Se resolvi\u00f3 un cuarto intermedio hasta ma\u00f1ana a las 12h.<\/em><\/p>\n\n\n\n<figure class=\"wp-block-image size-large\"><img loading=\"lazy\" width=\"1024\" height=\"682\" src=\"https:\/\/neanoticias.com\/wp-content\/uploads\/2024\/08\/d34f05c1-cd52-d2a0-6ef7-5f4bab9b11e1-1024x682.jpeg\" alt=\"\" class=\"wp-image-1526\" srcset=\"https:\/\/neanoticias.com\/wp-content\/uploads\/2024\/08\/d34f05c1-cd52-d2a0-6ef7-5f4bab9b11e1-1024x682.jpeg 1024w, https:\/\/neanoticias.com\/wp-content\/uploads\/2024\/08\/d34f05c1-cd52-d2a0-6ef7-5f4bab9b11e1-300x200.jpeg 300w, https:\/\/neanoticias.com\/wp-content\/uploads\/2024\/08\/d34f05c1-cd52-d2a0-6ef7-5f4bab9b11e1-768x512.jpeg 768w, https:\/\/neanoticias.com\/wp-content\/uploads\/2024\/08\/d34f05c1-cd52-d2a0-6ef7-5f4bab9b11e1.jpeg 1280w\" sizes=\"(max-width: 1024px) 100vw, 1024px\" \/><\/figure>\n\n\n\n<p>Una nueva reuni\u00f3n de la Comisi\u00f3n Paritaria Permanente municipal se llev\u00f3 a cabo hoy al mediod\u00eda con la participaci\u00f3n de funcionarios del Departamento Ejecutivo, miembros del Concejo Deliberante capitalino y representantes de la Asociaci\u00f3n de Obreros y Empleados Municipales (AOEM), tras permanentes di\u00e1logos entre los equipos t\u00e9cnicos. Acordaron volver a dialogar este mi\u00e9rcoles 7 de agosto para evaluar propuestas.&nbsp;<br><br>El encuentro, convocado por el Ejecutivo Municipal, se llev\u00f3 adelante en el sal\u00f3n de acuerdos del Concejo Deliberante, retom\u00e1ndose la negociaci\u00f3n para avanzar nuevamente en mejoras integrales para los trabajadores municipales. Se escucharon los planteos del gremio y los mismos ser\u00e1n evaluados por los equipos t\u00e9cnicos del Municipio. Se resolvi\u00f3 un cuarto intermedio hasta este mi\u00e9rcoles 7 de agosto.&nbsp;<\/p>\n\n\n\n<p>Las instancias de di\u00e1logo son permanentes para evaluar el tema salarial y laboral apuntando al reconocimiento del trabajo de los agentes municipales. En esta oportunidad, incluyendo la posibilidad de avanzar en el concurso para cargos y pases a planta, al igual que las capacitaciones para el desarrollo y jerarquizaci\u00f3n profesional en distintas \u00e1reas.&nbsp;<\/p>\n\n\n\n<p>La mesa paritaria estuvo encabezada por el secretario de Coordinaci\u00f3n de Gobierno, Hugo Calvano y el secretario de Hacienda, Guillermo Corrales, adem\u00e1s de los subsecretarios de Relaciones Laborales y Gesti\u00f3n del Agente Municipal, Leticia Radke, y el de Modernizaci\u00f3n, Innovaci\u00f3n y Tecnolog\u00eda, Ezequiel Azzi.<\/p>\n\n\n\n<p>Mientras que el Concejo Deliberante estuvo representado por las concejalas Cecilia Ojeda, Gabriela Gauna, y la secretaria del HCD, Marta Ramchanko.<\/p>\n\n\n\n<p>En tanto que por la AOEM participaron del encuentro el secretario general, Rodolfo Medina, Walter G\u00f3mez (secretario gremial), Carlos Meza (secretario de Finanzas), Miguel Vanderland (secretario Administrativo y de Actas), Cristian S\u00e1nchez (secretario de Cultura y Capacitaci\u00f3n) y M\u00f3nica Rivarola (comisi\u00f3n de paritarias).<\/p>\n","protected":false},"excerpt":{"rendered":"<p>Se reuni\u00f3 este mediod\u00eda la Comisi\u00f3n Paritaria Permanente municipal. Participaron funcionarios del Departamento Ejecutivo, la&#8230;<\/p>\n","protected":false},"author":1,"featured_media":1526,"comment_status":"open","ping_status":"open","sticky":false,"template":"","format":"standard","meta":[],"categories":[1],"tags":[],"_links":{"self":[{"href":"https:\/\/neanoticias.com\/index.php\/wp-json\/wp\/v2\/posts\/1525"}],"collection":[{"href":"https:\/\/neanoticias.com\/index.php\/wp-json\/wp\/v2\/posts"}],"about":[{"href":"https:\/\/neanoticias.com\/index.php\/wp-json\/wp\/v2\/types\/post"}],"author":[{"embeddable":true,"href":"https:\/\/neanoticias.com\/index.php\/wp-json\/wp\/v2\/users\/1"}],"replies":[{"embeddable":true,"href":"https:\/\/neanoticias.com\/index.php\/wp-json\/wp\/v2\/comments?post=1525"}],"version-history":[{"count":1,"href":"https:\/\/neanoticias.com\/index.php\/wp-json\/wp\/v2\/posts\/1525\/revisions"}],"predecessor-version":[{"id":1527,"href":"https:\/\/neanoticias.com\/index.php\/wp-json\/wp\/v2\/posts\/1525\/revisions\/1527"}],"wp:featuredmedia":[{"embeddable":true,"href":"https:\/\/neanoticias.com\/index.php\/wp-json\/wp\/v2\/media\/1526"}],"wp:attachment":[{"href":"https:\/\/neanoticias.com\/index.php\/wp-json\/wp\/v2\/media?parent=1525"}],"wp:term":[{"taxonomy":"category","embeddable":true,"href":"https:\/\/neanoticias.com\/index.php\/wp-json\/wp\/v2\/categories?post=1525"},{"taxonomy":"post_tag","embeddable":true,"href":"https:\/\/neanoticias.com\/index.php\/wp-json\/wp\/v2\/tags?post=1525"}],"curies":[{"name":"wp","href":"https:\/\/api.w.org\/{rel}","templated":true}]}}