{"id":1515,"date":"2024-07-03T05:09:58","date_gmt":"2024-07-03T05:09:58","guid":{"rendered":"https:\/\/neanoticias.com\/?p=1515"},"modified":"2024-07-24T05:10:39","modified_gmt":"2024-07-24T05:10:39","slug":"con-charlas-y-visitas-guiadas-la-municipalidad-celebra-un-nuevo-aniversario-de-la-bandera-de-la-ciudad-de-corrientes","status":"publish","type":"post","link":"https:\/\/neanoticias.com\/index.php\/2024\/07\/03\/con-charlas-y-visitas-guiadas-la-municipalidad-celebra-un-nuevo-aniversario-de-la-bandera-de-la-ciudad-de-corrientes\/","title":{"rendered":"CON CHARLAS Y VISITAS GUIADAS, LA MUNICIPALIDAD CELEBRA UN NUEVO ANIVERSARIO DE LA BANDERA DE LA CIUDAD DE CORRIENTES"},"content":{"rendered":"\n<p><em>En el marco del d\u00e9cimo aniversario de la creaci\u00f3n de la insignia local, se desarrollan diferentes propuestas culturales y educativas con la participaci\u00f3n de establecimientos escolares. Este mi\u00e9rcoles habr\u00e1 actividades en la biblioteca El Palomar, mientras que el viernes se trasladar\u00e1n a Casa Molinas y Casa del Bicentenario.<\/em><\/p>\n\n\n\n<figure class=\"wp-block-image size-large\"><img loading=\"lazy\" width=\"1024\" height=\"683\" src=\"https:\/\/neanoticias.com\/wp-content\/uploads\/2024\/07\/3ec20124-bfce-bf61-55b7-477426d6158d-1024x683.jpeg\" alt=\"\" class=\"wp-image-1516\" srcset=\"https:\/\/neanoticias.com\/wp-content\/uploads\/2024\/07\/3ec20124-bfce-bf61-55b7-477426d6158d-1024x683.jpeg 1024w, https:\/\/neanoticias.com\/wp-content\/uploads\/2024\/07\/3ec20124-bfce-bf61-55b7-477426d6158d-300x200.jpeg 300w, https:\/\/neanoticias.com\/wp-content\/uploads\/2024\/07\/3ec20124-bfce-bf61-55b7-477426d6158d-768x512.jpeg 768w, https:\/\/neanoticias.com\/wp-content\/uploads\/2024\/07\/3ec20124-bfce-bf61-55b7-477426d6158d.jpeg 1280w\" sizes=\"(max-width: 1024px) 100vw, 1024px\" \/><\/figure>\n\n\n\n<p>Al cumplirse 10 a\u00f1os de la creaci\u00f3n de la Bandera de la Ciudad de Corrientes, la Municipalidad capitalina organiz\u00f3 una serie de actividades para homenajear a esta insignia que simboliza la identidad local. El primer encuentro tuvo lugar en Casa Mart\u00ednez -Quintana 971- donde se realiz\u00f3 una visita guiada y conversatorio con alumnos del Colegio Inform\u00e1tico.<\/p>\n\n\n\n<p>De la actividad particip\u00f3 tambi\u00e9n Manuel Echeverr\u00eda Ponce, quien dise\u00f1\u00f3 el emblema local, surgido de un concurso p\u00fablico realizado hace una d\u00e9cada por la comuna capitalina. Mientras que la arquitecta Marisol Maciel se refiri\u00f3 a los procesos de musealizaci\u00f3n y rescate de la cultura guaran\u00edtica.<\/p>\n\n\n\n<p>La directora de Espacios Culturales Independientes, de la Secretar\u00eda de Cultura y Educaci\u00f3n municipal, Marisa Duarte, detall\u00f3 que \u201ccomienza la Semana de la Bandera de la Ciudad, la cual un 29 de junio, hace 10 a\u00f1os, se estableci\u00f3 como su d\u00eda a trav\u00e9s de la Resoluci\u00f3n Municipal 1434, d\u00e1ndole as\u00ed la institucionalidad que se merece en nuestra sociedad\u201d. E insisti\u00f3 en la importancia \u201cque los vecinos, los j\u00f3venes y chicos, tomen conciencia de lo que es el contexto hist\u00f3rico que representa esta bandera\u201d.<\/p>\n\n\n\n<p>Por su parte, la arquitecta Marisol Maciel se\u00f1al\u00f3 que \u201cen conmemoraci\u00f3n a la creaci\u00f3n de la Bandera Municipal, expliqu\u00e9 en el encuentro de qu\u00e9 manera el Museo Arqueol\u00f3gico y Antropol\u00f3gico Casa Mart\u00ednez conserva, mantiene y difunde las colecciones que tienen un origen en el patrimonio arqueol\u00f3gico guaran\u00edtico\u201d.<\/p>\n\n\n\n<p>INSIGNIA LOCAL<\/p>\n\n\n\n<p>Al hacer uso de la palabra ante los escolares que participaron de la charla, el creador de la Bandera de la Ciudad de Corrientes Manuel Echeverr\u00eda Ponce se refiri\u00f3 al dise\u00f1o de este emblema presente como s\u00edmbolo de identidad local en todos los actos oficiales de los establecimientos educativos de la ciudad, acompa\u00f1ando los s\u00edmbolos patrios. &nbsp;&nbsp;<\/p>\n\n\n\n<p>El emblema cuenta con dos bandas verticales celestes y una blanca en el medio, colores propios de la bandera nacional. \u201cTambi\u00e9n representan el manto de la Virgen de Itat\u00ed, el celeste del cielo, el blanco tambi\u00e9n representa la paz a la que aspiramos como sociedad\u201d, detall\u00f3.&nbsp;<\/p>\n\n\n\n<p>Sobre las bandas celestes pueden apreciarse dos l\u00edneas rojas que representan los valores federalistas. \u201cTambi\u00e9n es un homenaje a los h\u00e9roes de Malvinas porque el rojo en banderas muchas veces tiene que ver con los que dieron su sangre por la patria. Y tambi\u00e9n desde el punto de vista religioso el rojo representa el esp\u00edritu santo\u201d, cont\u00f3 el joven abogado.<\/p>\n\n\n\n<p>En el centro est\u00e1 presente la figura de un sol que representa a tup\u00e1 en la cultura guaran\u00ed y simboliza el valor de la vida, y bajo el sol siete lanzas que representan a los pueblos originarios guaran\u00edes que habitaron la regi\u00f3n y a las siete puntas de la ciudad.<\/p>\n\n\n\n<p>\u201cDentro del sol est\u00e1 la Cruz de los Milagros, que es la cruz fundacional. Lo que viene a significar la bandera es nuestra historia, nuestro origen, nuestra cultura. Tambi\u00e9n la geograf\u00eda costera de la ciudad y los valores a los que aspiramos como sociedad, como ser la paz y la fraternidad\u201d, sintetiz\u00f3 el creador de la Bandera de la Ciudad.<\/p>\n\n\n\n<p>M\u00c1S ACTIVIDADES<\/p>\n\n\n\n<p>Las actividades por la Semana de la Bandera de la Ciudad continuar\u00e1n este mi\u00e9rcoles a las 15 en la biblioteca \u201cEl Palomar\u201d ubicada en el parque Mitre, oportunidad en que el creador de la insignia brindar\u00e1 una charla a m\u00e1s de 100 chicos de diferentes colegios.<\/p>\n\n\n\n<p>El viernes, a las 9, en Casa Molinas (Pellegrini 937) tendr\u00e1 lugar la visita a la bandera entronizada por el Papa Francisco y se realizar\u00e1 un taller de libritos interactivos con los alumnos de la escuela N\u00b0 985 del barrio Santa Catalina.<\/p>\n\n\n\n<p>Tambi\u00e9n el viernes, a las 15.30, en Casa del Bicentenario (Av. Alfons\u00edn y Caracas) se brindar\u00e1n charlas con colegios y el creador de la bandera Manuel Echeverr\u00eda Ponce.<\/p>\n\n\n\n<p><em><a href=\"https:\/\/ciudaddecorrientes.us12.list-manage.com\/track\/click?u=253e4bcff71216c6af771c3c9&amp;id=045dce1b59&amp;e=ed96687b8c\" target=\"_blank\" rel=\"noreferrer noopener\">NOTA DE TV:<\/a>&nbsp;Marisa Duarte &#8211; directora de Espacios Culturales Independientes, Manuel Echeverr\u00eda Ponce &#8211; creador del Dise\u00f1o de la Bandera de la Ciudad de Corrientes y la arquitecta Marisol Maciel.<\/em><\/p>\n","protected":false},"excerpt":{"rendered":"<p>En el marco del d\u00e9cimo aniversario de la creaci\u00f3n de la insignia local, se desarrollan&#8230;<\/p>\n","protected":false},"author":1,"featured_media":1516,"comment_status":"open","ping_status":"open","sticky":false,"template":"","format":"standard","meta":[],"categories":[1],"tags":[],"_links":{"self":[{"href":"https:\/\/neanoticias.com\/index.php\/wp-json\/wp\/v2\/posts\/1515"}],"collection":[{"href":"https:\/\/neanoticias.com\/index.php\/wp-json\/wp\/v2\/posts"}],"about":[{"href":"https:\/\/neanoticias.com\/index.php\/wp-json\/wp\/v2\/types\/post"}],"author":[{"embeddable":true,"href":"https:\/\/neanoticias.com\/index.php\/wp-json\/wp\/v2\/users\/1"}],"replies":[{"embeddable":true,"href":"https:\/\/neanoticias.com\/index.php\/wp-json\/wp\/v2\/comments?post=1515"}],"version-history":[{"count":1,"href":"https:\/\/neanoticias.com\/index.php\/wp-json\/wp\/v2\/posts\/1515\/revisions"}],"predecessor-version":[{"id":1517,"href":"https:\/\/neanoticias.com\/index.php\/wp-json\/wp\/v2\/posts\/1515\/revisions\/1517"}],"wp:featuredmedia":[{"embeddable":true,"href":"https:\/\/neanoticias.com\/index.php\/wp-json\/wp\/v2\/media\/1516"}],"wp:attachment":[{"href":"https:\/\/neanoticias.com\/index.php\/wp-json\/wp\/v2\/media?parent=1515"}],"wp:term":[{"taxonomy":"category","embeddable":true,"href":"https:\/\/neanoticias.com\/index.php\/wp-json\/wp\/v2\/categories?post=1515"},{"taxonomy":"post_tag","embeddable":true,"href":"https:\/\/neanoticias.com\/index.php\/wp-json\/wp\/v2\/tags?post=1515"}],"curies":[{"name":"wp","href":"https:\/\/api.w.org\/{rel}","templated":true}]}}