{"id":1512,"date":"2024-07-03T05:08:23","date_gmt":"2024-07-03T05:08:23","guid":{"rendered":"https:\/\/neanoticias.com\/?p=1512"},"modified":"2024-07-24T05:10:45","modified_gmt":"2024-07-24T05:10:45","slug":"caso-loan-uno-de-sus-hermanos-se-descompenso-durante-una-marcha","status":"publish","type":"post","link":"https:\/\/neanoticias.com\/index.php\/2024\/07\/03\/caso-loan-uno-de-sus-hermanos-se-descompenso-durante-una-marcha\/","title":{"rendered":"CASO LOAN: UNO DE SUS HERMANOS SE DESCOMPENS\u00d3 DURANTE UNA MARCHA"},"content":{"rendered":"\n<p>Loan Pe\u00f1a, ni\u00f1o desaparecido en la localidad correntina de 9 de Julio, lleva ya 20 d\u00edas desaparecido y se barajan m\u00faltiples hip\u00f3tesis al respecto. Este mi\u00e9rcoles se llev\u00f3 a cabo una marcha en Lavalle pidiendo por la aparici\u00f3n del ni\u00f1o. Fue all\u00ed donde C\u00e9sar, uno de sus hermanos, se descompens\u00f3 en plena manifestaci\u00f3n.\u00a0<\/p>\n\n\n\n<figure class=\"wp-block-image size-full\"><img loading=\"lazy\" width=\"700\" height=\"700\" src=\"https:\/\/neanoticias.com\/wp-content\/uploads\/2024\/07\/857028.png_nota.jpg\" alt=\"\" class=\"wp-image-1513\" srcset=\"https:\/\/neanoticias.com\/wp-content\/uploads\/2024\/07\/857028.png_nota.jpg 700w, https:\/\/neanoticias.com\/wp-content\/uploads\/2024\/07\/857028.png_nota-300x300.jpg 300w, https:\/\/neanoticias.com\/wp-content\/uploads\/2024\/07\/857028.png_nota-150x150.jpg 150w\" sizes=\"(max-width: 700px) 100vw, 700px\" \/><\/figure>\n\n\n\n<p><strong>C\u00e9sar Pe\u00f1a, uno de los hermanos de Loan, ni\u00f1o desaparecido en la provincia de Corrientes hace 20 d\u00edas, se descompens\u00f3 durante una marcha de reclamo<\/strong>\u00a0llevada a cabo en la localidad correntina de Lavalle.<\/p>\n\n\n\n<p><strong>Mateo G\u00f3mez, periodista oriundo de Lavalle<\/strong>, dialog\u00f3 con Radio Sudamericana y dio detalles de la inc\u00f3moda situaci\u00f3n acaecida en el interior de la provincia correntina. \u00c9sta fue la segunda marcha en la localidad reclamando por la aparici\u00f3n con vida de Loan Pe\u00f1a.<\/p>\n\n\n\n<p>\u201c<strong>Durante la marcha una ni\u00f1a tom\u00f3 el micr\u00f3fono y le habl\u00f3 directamente a C\u00e9sar, hermano de Loan, a quien le dedic\u00f3 unas palabras muy emotivas con respecto a la situaci\u00f3n de su hermano desaparecido. Evidentemente no pudo soportar la emoci\u00f3n y sufri\u00f3 una baja de presi\u00f3n, resultando en una descompensaci\u00f3n. Lo trasladaron al hospital local pero habr\u00eda sido por precauci\u00f3n solamente<\/strong>\u201d, relat\u00f3 Mateo.<\/p>\n\n\n\n<p>\u201cLo que C\u00e9sar nos dijo en una entrevista es que fue invitado a Lavalle para participar de la marcha. Ya estuvo en Santa Luc\u00eda y se espera que est\u00e9 en Goya para formar parte de otra marcha junto a su pap\u00e1. No se sabe si \u00e9sta se llevar\u00e1 a cabo ma\u00f1ana o el viernes\u201d, dijo.&nbsp;<\/p>\n","protected":false},"excerpt":{"rendered":"<p>Loan Pe\u00f1a, ni\u00f1o desaparecido en la localidad correntina de 9 de Julio, lleva ya 20&#8230;<\/p>\n","protected":false},"author":1,"featured_media":1513,"comment_status":"open","ping_status":"open","sticky":false,"template":"","format":"standard","meta":[],"categories":[1],"tags":[],"_links":{"self":[{"href":"https:\/\/neanoticias.com\/index.php\/wp-json\/wp\/v2\/posts\/1512"}],"collection":[{"href":"https:\/\/neanoticias.com\/index.php\/wp-json\/wp\/v2\/posts"}],"about":[{"href":"https:\/\/neanoticias.com\/index.php\/wp-json\/wp\/v2\/types\/post"}],"author":[{"embeddable":true,"href":"https:\/\/neanoticias.com\/index.php\/wp-json\/wp\/v2\/users\/1"}],"replies":[{"embeddable":true,"href":"https:\/\/neanoticias.com\/index.php\/wp-json\/wp\/v2\/comments?post=1512"}],"version-history":[{"count":1,"href":"https:\/\/neanoticias.com\/index.php\/wp-json\/wp\/v2\/posts\/1512\/revisions"}],"predecessor-version":[{"id":1514,"href":"https:\/\/neanoticias.com\/index.php\/wp-json\/wp\/v2\/posts\/1512\/revisions\/1514"}],"wp:featuredmedia":[{"embeddable":true,"href":"https:\/\/neanoticias.com\/index.php\/wp-json\/wp\/v2\/media\/1513"}],"wp:attachment":[{"href":"https:\/\/neanoticias.com\/index.php\/wp-json\/wp\/v2\/media?parent=1512"}],"wp:term":[{"taxonomy":"category","embeddable":true,"href":"https:\/\/neanoticias.com\/index.php\/wp-json\/wp\/v2\/categories?post=1512"},{"taxonomy":"post_tag","embeddable":true,"href":"https:\/\/neanoticias.com\/index.php\/wp-json\/wp\/v2\/tags?post=1512"}],"curies":[{"name":"wp","href":"https:\/\/api.w.org\/{rel}","templated":true}]}}