{"id":1509,"date":"2024-07-03T05:05:04","date_gmt":"2024-07-03T05:05:04","guid":{"rendered":"https:\/\/neanoticias.com\/?p=1509"},"modified":"2024-07-24T05:10:54","modified_gmt":"2024-07-24T05:10:54","slug":"coti-romero-revelo-si-ya-convive-con-nacho-castanares-despues-de-blanquear-su-noviazgo","status":"publish","type":"post","link":"https:\/\/neanoticias.com\/index.php\/2024\/07\/03\/coti-romero-revelo-si-ya-convive-con-nacho-castanares-despues-de-blanquear-su-noviazgo\/","title":{"rendered":"COTI ROMERO REVEL\u00d3 SI YA CONVIVE CON NACHO CASTA\u00d1ARES DESPU\u00c9S DE BLANQUEAR SU NOVIAZGO"},"content":{"rendered":"\n<p>Los exparticipantes de Gran Hermano visitaron A la Barbarossa y dieron detalles de c\u00f3mo comenz\u00f3 su historia de amor. \u00a1Mir\u00e1 qu\u00e9 dijeron!<\/p>\n\n\n\n<figure class=\"wp-block-image size-full\"><img loading=\"lazy\" width=\"700\" height=\"398\" src=\"https:\/\/neanoticias.com\/wp-content\/uploads\/2024\/07\/753172.jpg_nota.jpg\" alt=\"\" class=\"wp-image-1510\" srcset=\"https:\/\/neanoticias.com\/wp-content\/uploads\/2024\/07\/753172.jpg_nota.jpg 700w, https:\/\/neanoticias.com\/wp-content\/uploads\/2024\/07\/753172.jpg_nota-300x171.jpg 300w\" sizes=\"(max-width: 700px) 100vw, 700px\" \/><\/figure>\n\n\n\n<p>A poco de que\u00a0Nacho Casta\u00f1ares\u00a0y\u00a0Coti Romero\u00a0blanquearan que comenzaron\u00a0una historia de amor, la parejita visit\u00f3\u00a0A la Barbarossa\u00a0\u2013el programa que conduce\u00a0Georgina Barbarossa\u00a0por\u00a0Telefe- y\u00a0revelaron si ya est\u00e1n conviviendo.<\/p>\n\n\n\n<p>Indagado por la conductora sobre si\u00a0esta relaci\u00f3n m\u00e1s \u00edntima\u00a0arranc\u00f3 cuando se viraliz\u00f3 un video de ellos en un boliche, Nacho respondi\u00f3: \u201cNo, nosotros nos conoc\u00edamos ya de antes.\u00a0Despu\u00e9s cortamos la relaci\u00f3n que ten\u00edamos en ese momento, est\u00e1bamos solos y se empez\u00f3 a dar naturalmente\u201d.<\/p>\n\n\n\n<p>\u201cNo s\u00e9 si fue exactamente ah\u00ed, pero puede ser que ah\u00ed haya empezado algo m\u00e1s. Creo que se dio solo\u201d, agreg\u00f3 el joven, sin querer dar detalles sobre el comienzo de&nbsp;este v\u00ednculo amoroso. Y Coti agreg\u00f3: \u201cHay una frase que dice que enamorarse es como cuando te est\u00e1s durmiendo, que te empez\u00e1s a quedar dormido y no te das cuenta\u201d.<\/p>\n\n\n\n<p>Por \u00faltimo, ante la consulta sobre si ya estaba viviendo\u00a0bajo el mismo techo\u00a0con el exjugador, la influencer cerr\u00f3, firme: \u201cNo, cada uno vive en su casa. Vivimos muy cerca, pero cada uno en la suya\u201d.<\/p>\n\n\n\n<h2><strong>Coti Romero: \u201cCada uno vive en su casa. Vivimos muy cerca, pero cada uno en la suya\u201d.<\/strong><\/h2>\n\n\n\n<p><strong>SUMATE AL CANAL DE WHATSAPP DE CIUDAD MAGAZINE Y ENTERATE DE TODO<\/strong><\/p>\n\n\n\n<p>https:\/\/googleads.g.doubleclick.net\/pagead\/ads?client=ca-pub-9119761334069526&#038;output=html&#038;h=280&#038;adk=981494128&#038;adf=2039358850&#038;w=640&#038;abgtt=6&#038;fwrn=4&#038;fwrnh=100&#038;lmt=1721797357&#038;num_ads=1&#038;rafmt=1&#038;armr=3&#038;sem=mc&#038;pwprc=7075302670&#038;ad_type=text_image&#038;format=640&#215;280&#038;url=https%3A%2F%2Fwww.radiosudamericana.com%2Fnota%2Fespectaculos%2F312029-Coti-Romero-revelo-si-ya-convive-con-Nacho-Castanares-despues-de-blanquear-su-noviazgo.htm&#038;fwr=0&#038;pra=3&#038;rh=160&#038;rw=639&#038;rpe=1&#038;resp_fmts=3&#038;wgl=1&#038;fa=27&#038;uach=WyJXaW5kb3dzIiwiMC4xLjAiLCJ4ODYiLCIiLCIxMDkuMC41NDE0LjEyMCIsbnVsbCwwLG51bGwsIjY0IixbWyJOb3RfQSBCcmFuZCIsIjk5LjAuMC4wIl0sWyJHb29nbGUgQ2hyb21lIiwiMTA5LjAuNTQxNC4xMjAiXSxbIkNocm9taXVtIiwiMTA5LjAuNTQxNC4xMjAiXV0sMF0.&#038;dt=1721797356144&#038;bpp=2&#038;bdt=2087&#038;idt=2&#038;shv=r20240722&#038;mjsv=m202407220101&#038;ptt=9&#038;saldr=aa&#038;abxe=1&#038;cookie=ID%3D2749e0e5d4bf0063%3AT%3D1718720416%3ART%3D1721797247%3AS%3DALNI_MaRyd4X_og57PEZvP4uixOmGEbWdQ&#038;gpic=UID%3D00000a2eef266068%3AT%3D1718720416%3ART%3D1721797247%3AS%3DALNI_MZe95MO1lABAvelcyxOtXwZ7ECNaQ&#038;eo_id_str=ID%3Db563e9ff9147dffa%3AT%3D1718720416%3ART%3D1721797247%3AS%3DAA-AfjYwq-Tk3Q-OAmGI5cWvc4tQ&#038;prev_fmts=0x0%2C1200x280%2C640x280%2C308x250%2C308x250&#038;nras=6&#038;correlator=5901396124410&#038;frm=20&#038;pv=1&#038;ga_vid=17132431.1718720220&#038;ga_sid=1721794703&#038;ga_hid=2108139232&#038;ga_fc=1&#038;u_tz=-180&#038;u_his=6&#038;u_h=768&#038;u_w=1280&#038;u_ah=728&#038;u_aw=1280&#038;u_cd=24&#038;u_sd=1&#038;dmc=2&#038;adx=147&#038;ady=2403&#038;biw=1263&#038;bih=657&#038;scr_x=0&#038;scr_y=0&#038;eid=44759876%2C44759927%2C44759837%2C44719338%2C95334528%2C95334830%2C95337868%2C95338227%2C95338249%2C31085478%2C31084186&#038;oid=2&#038;pvsid=1576323760494530&#038;tmod=1517630592&#038;uas=0&#038;nvt=1&#038;ref=https%3A%2F%2Fwww.radiosudamericana.com%2F1%2Farchivos.htm&#038;fc=1408&#038;brdim=0%2C0%2C0%2C0%2C1280%2C0%2C1280%2C728%2C1280%2C657&#038;vis=1&#038;rsz=%7C%7Cs%7C&#038;abl=NS&#038;fu=128&#038;bc=31&#038;bz=1&#038;psd=W251bGwsbnVsbCxudWxsLDNd&#038;ifi=5&#038;uci=a!5&#038;btvi=4&#038;fsb=1&#038;dtd=908<\/p>\n\n\n\n<p>Para unirte al canal de&nbsp;WhatsApp&nbsp;de&nbsp;Ciudad Magazine, simplemente hac\u00e9 clic&nbsp;aqu\u00ed&nbsp;y segu\u00ed las instrucciones para activar las notificaciones.<\/p>\n\n\n\n<p><strong>NACHO CASTA\u00d1ARES ROMPI\u00d3 EL SILENCIO SOBRE SU RELACI\u00d3N CON COTI ROMERO<\/strong><\/p>\n\n\n\n<p>Luego de que&nbsp;Coti Romero&nbsp;sorprendiera al revelar que est\u00e1 saliendo con&nbsp;Nacho Casta\u00f1ares, con quien ven\u00eda enfrentando fuertes&nbsp;rumores de romance, el joven rompi\u00f3 el silencio y habl\u00f3 de su presente sentimental.<\/p>\n\n\n\n<p>\u201cNo estoy saliendo con Coti. Estoy compartiendo cosas con ella y creo que eso es obvio porque la gente nos ha visto en boliches, nos ha visto comiendo, y bueno, en la historia&nbsp;que subimos a las redes\u201d, comenz\u00f3 diciendo Nacho en el streaming de&nbsp;Telefe&nbsp;tal como se pudo ver en&nbsp;LAM.<\/p>\n\n\n\n<p>\u201cNo estoy saliendo con Coti.&nbsp;O sea, no lo considero ponerlo como \u2018saliendo\u2019, pero s\u00ed nos estamos viendo. Nosotros somos amigos y no siento que no haya que ponerle ning\u00fan t\u00edtulo a algo porque somos personas que est\u00e1n disfrutando&nbsp;y nos estamos viendo, pero hasta ah\u00ed\u201d.<\/p>\n\n\n\n<h2><strong>Nacho Casta\u00f1ares: \u201cNo estoy saliendo con Coti. O sea, no lo considero ponerlo como \u2018saliendo\u2019, pero s\u00ed nos estamos viendo\u201d.<\/strong><\/h2>\n\n\n\n<p>Y cerr\u00f3: \u201cYo siempre me llev\u00e9 muy bien con Coti. Despu\u00e9s, por distintos motivos, hubo momentos que no compart\u00edamos tanto y despu\u00e9s volvimos a compartir un poco.&nbsp;Si hay una historia juntos, no es que queremos blanquear nada.&nbsp;Simplemente, estamos compartiendo&nbsp;momentos juntos\u201d.<\/p>\n","protected":false},"excerpt":{"rendered":"<p>Los exparticipantes de Gran Hermano visitaron A la Barbarossa y dieron detalles de c\u00f3mo comenz\u00f3&#8230;<\/p>\n","protected":false},"author":1,"featured_media":1510,"comment_status":"open","ping_status":"open","sticky":false,"template":"","format":"standard","meta":[],"categories":[1],"tags":[],"_links":{"self":[{"href":"https:\/\/neanoticias.com\/index.php\/wp-json\/wp\/v2\/posts\/1509"}],"collection":[{"href":"https:\/\/neanoticias.com\/index.php\/wp-json\/wp\/v2\/posts"}],"about":[{"href":"https:\/\/neanoticias.com\/index.php\/wp-json\/wp\/v2\/types\/post"}],"author":[{"embeddable":true,"href":"https:\/\/neanoticias.com\/index.php\/wp-json\/wp\/v2\/users\/1"}],"replies":[{"embeddable":true,"href":"https:\/\/neanoticias.com\/index.php\/wp-json\/wp\/v2\/comments?post=1509"}],"version-history":[{"count":1,"href":"https:\/\/neanoticias.com\/index.php\/wp-json\/wp\/v2\/posts\/1509\/revisions"}],"predecessor-version":[{"id":1511,"href":"https:\/\/neanoticias.com\/index.php\/wp-json\/wp\/v2\/posts\/1509\/revisions\/1511"}],"wp:featuredmedia":[{"embeddable":true,"href":"https:\/\/neanoticias.com\/index.php\/wp-json\/wp\/v2\/media\/1510"}],"wp:attachment":[{"href":"https:\/\/neanoticias.com\/index.php\/wp-json\/wp\/v2\/media?parent=1509"}],"wp:term":[{"taxonomy":"category","embeddable":true,"href":"https:\/\/neanoticias.com\/index.php\/wp-json\/wp\/v2\/categories?post=1509"},{"taxonomy":"post_tag","embeddable":true,"href":"https:\/\/neanoticias.com\/index.php\/wp-json\/wp\/v2\/tags?post=1509"}],"curies":[{"name":"wp","href":"https:\/\/api.w.org\/{rel}","templated":true}]}}