{"id":1500,"date":"2024-07-05T04:52:44","date_gmt":"2024-07-05T04:52:44","guid":{"rendered":"https:\/\/neanoticias.com\/?p=1500"},"modified":"2024-07-24T04:58:08","modified_gmt":"2024-07-24T04:58:08","slug":"fue-una-frase-desafortunada-decir-que-estamos-cerca-de-encontrar-a-loan","status":"publish","type":"post","link":"https:\/\/neanoticias.com\/index.php\/2024\/07\/05\/fue-una-frase-desafortunada-decir-que-estamos-cerca-de-encontrar-a-loan\/","title":{"rendered":"&#8220;FUE UNA FRASE DESAFORTUNADA DECIR QUE ESTAMOS CERCA DE ENCONTRAR A LOAN&#8221;"},"content":{"rendered":"\n<p>La Dra. M\u00f3nica M\u00e9ndez habl\u00f3 tras las declaraciones que realiz\u00f3 a los medios nacionales cuando dijo \u201cestamos cerca de encontrar a Loan\u201d, luego de que la hija de Laudelina Pe\u00f1a hablara con la Justicia. \u201cFue desafortunada y son\u00f3 fuerte cuando lo dije\u201d, expres\u00f3 la letrada.<\/p>\n\n\n\n<figure class=\"wp-block-image size-full\"><img loading=\"lazy\" width=\"299\" height=\"169\" src=\"https:\/\/neanoticias.com\/wp-content\/uploads\/2024\/07\/descarga.jpg\" alt=\"\" class=\"wp-image-1501\"\/><\/figure>\n\n\n\n<p>En la jornada del domingo M\u00f3nica M\u00e9ndez habl\u00f3 con los medios luego de la extensa declaraci\u00f3n de Macarena, la cual neg\u00f3 la versi\u00f3n de que el ni\u00f1o correntino fue atropellado por los P\u00e9rez Caillava. Tambi\u00e9n hab\u00eda expresado \u201cestamos cerca de encontrar a Loan\u201d.<\/p>\n\n\n\n<p>https:\/\/googleads.g.doubleclick.net\/pagead\/ads?client=ca-pub-9119761334069526&#038;output=html&#038;h=280&#038;adk=981494128&#038;adf=3148841740&#038;w=640&#038;abgtt=6&#038;fwrn=4&#038;fwrnh=100&#038;lmt=1721796534&#038;num_ads=1&#038;rafmt=1&#038;armr=3&#038;sem=mc&#038;pwprc=7075302670&#038;ad_type=text_image&#038;format=640&#215;280&#038;url=https%3A%2F%2Fwww.radiosudamericana.com%2Fnota%2Fpoliciales%2F312211-Fue-una-frase-desafortunada-decir-que-estamos-cerca-de-encontrar-a-Loan.htm&#038;fwr=0&#038;pra=3&#038;rh=160&#038;rw=639&#038;rpe=1&#038;resp_fmts=3&#038;wgl=1&#038;fa=27&#038;uach=WyJXaW5kb3dzIiwiMC4xLjAiLCJ4ODYiLCIiLCIxMDkuMC41NDE0LjEyMCIsbnVsbCwwLG51bGwsIjY0IixbWyJOb3RfQSBCcmFuZCIsIjk5LjAuMC4wIl0sWyJHb29nbGUgQ2hyb21lIiwiMTA5LjAuNTQxNC4xMjAiXSxbIkNocm9taXVtIiwiMTA5LjAuNTQxNC4xMjAiXV0sMF0.&#038;dt=1721796534068&#038;bpp=8&#038;bdt=2441&#038;idt=8&#038;shv=r20240722&#038;mjsv=m202407220101&#038;ptt=9&#038;saldr=aa&#038;abxe=1&#038;cookie=ID%3D2749e0e5d4bf0063%3AT%3D1718720416%3ART%3D1721796532%3AS%3DALNI_MaRyd4X_og57PEZvP4uixOmGEbWdQ&#038;gpic=UID%3D00000a2eef266068%3AT%3D1718720416%3ART%3D1721796532%3AS%3DALNI_MZe95MO1lABAvelcyxOtXwZ7ECNaQ&#038;eo_id_str=ID%3Db563e9ff9147dffa%3AT%3D1718720416%3ART%3D1721796532%3AS%3DAA-AfjYwq-Tk3Q-OAmGI5cWvc4tQ&#038;prev_fmts=0x0%2C1200x280&#038;nras=3&#038;correlator=2805030538526&#038;frm=20&#038;pv=1&#038;ga_vid=17132431.1718720220&#038;ga_sid=1721794703&#038;ga_hid=419757512&#038;ga_fc=1&#038;u_tz=-180&#038;u_his=7&#038;u_h=768&#038;u_w=1280&#038;u_ah=728&#038;u_aw=1280&#038;u_cd=24&#038;u_sd=1&#038;dmc=2&#038;adx=147&#038;ady=1755&#038;biw=1263&#038;bih=657&#038;scr_x=0&#038;scr_y=0&#038;eid=44759876%2C44759927%2C44759837%2C42531706%2C44798934%2C95331690%2C95334525%2C95334828%2C95337026%2C95337869%2C95338250%2C31085478&#038;oid=2&#038;pvsid=3388719575514679&#038;tmod=1517630592&#038;uas=0&#038;nvt=1&#038;ref=https%3A%2F%2Fwww.radiosudamericana.com%2F2%2F08-07-2024%2Farchivos.htm&#038;fc=1408&#038;brdim=0%2C0%2C0%2C0%2C1280%2C0%2C1280%2C728%2C1280%2C657&#038;vis=1&#038;rsz=%7C%7Cs%7C&#038;abl=NS&#038;fu=128&#038;bc=31&#038;bz=1&#038;psd=W251bGwsbnVsbCxudWxsLDNd&#038;ifi=4&#038;uci=a!4&#038;btvi=1&#038;fsb=1&#038;dtd=54<\/p>\n\n\n\n<p>Tras estos dichos la abogada habl\u00f3 con Radio Sudamericana y expres\u00f3: \u201cFue desafortunada y son\u00f3 fuerte cuando lo dije, pero estaba fundado en que nosotros cada vez que presentamos un testigo, pensamos que es un testigo clave no podemos dejar de pensar as\u00ed, despu\u00e9s la justicia analizar\u00e1 si es o no; pero cuando la persona dice que tiene datos y nombres para aportar a la Justicia pienso que nos va a decir d\u00f3nde est\u00e1 y esa es la verdad\u201d.<\/p>\n\n\n\n<p>Adem\u00e1s aclar\u00f3 que no es abogada de Macarena, ni ser\u00e1 su representante en la causa. \u201cNosotros no somos sus abogados, no los vamos a representar simplemente le damos los medios para que una domingo a la tarde puedan realizar su testimonial\u201d, explic\u00f3.<\/p>\n\n\n\n<p>En este sentido a\u00f1adi\u00f3 \u201ccuando nosotros ayudamos a las personas en este caso Macarena y los testigos a poder acceder a la Justicia ellos no comentan situaciones muy concretas, que ha vivido y nos piden declarar solas ante la justicia porque tienen datos muy importantes para aportar\u201d.<\/p>\n\n\n\n<p>\u201cCreemos que as\u00ed lo es, de hecho creemos que as\u00ed lo hizo Macarena, nosotros no somos parte de la causa, nosotros trabajamos con la fundaci\u00f3n Lucio Dupuy, ayudando a los menores y a trav\u00e9s de ellos las madres de los menores por una cuesti\u00f3n l\u00f3gica se acercan a nosotros y sucedi\u00f3 la situaci\u00f3n de Macarena que nos manifest\u00f3 que estaba queriendo declarar\u201d, relat\u00f3.<\/p>\n\n\n\n<p>La Dra. M\u00e9ndez record\u00f3 \u201ccuando el s\u00e1bado por la noche la Dra. Elizabeth Cutaia, se present\u00f3 en el domicilio de Luadelina, porque fue a buscar ropa para los hijos que estaba al cuidado de Camila, se encontr\u00f3 con Macarena quien le consult\u00f3 si era abogada y si pod\u00eda hablara a solas con ella\u201d.<\/p>\n\n\n\n<p>\u201cAh\u00ed le cont\u00f3 que tiene mucho miedo, que quer\u00eda declarar lo antes posible y que quer\u00eda negar la hip\u00f3tesis del accidente, ella considera que ese accidente nunca existi\u00f3 que se sintieron amenazadas ella y su madre. Quer\u00eda manifestar aportando dato y nombres a la Justicias, adem\u00e1s de contar lo que hab\u00edan hecho cuando fueron a Corrientes porque desde que pas\u00f3 lo de Loan no se hab\u00edan separado hasta el momento de la detenci\u00f3n de su progenitora\u201d.<\/p>\n","protected":false},"excerpt":{"rendered":"<p>La Dra. M\u00f3nica M\u00e9ndez habl\u00f3 tras las declaraciones que realiz\u00f3 a los medios nacionales cuando&#8230;<\/p>\n","protected":false},"author":1,"featured_media":1501,"comment_status":"open","ping_status":"open","sticky":false,"template":"","format":"standard","meta":[],"categories":[1],"tags":[],"_links":{"self":[{"href":"https:\/\/neanoticias.com\/index.php\/wp-json\/wp\/v2\/posts\/1500"}],"collection":[{"href":"https:\/\/neanoticias.com\/index.php\/wp-json\/wp\/v2\/posts"}],"about":[{"href":"https:\/\/neanoticias.com\/index.php\/wp-json\/wp\/v2\/types\/post"}],"author":[{"embeddable":true,"href":"https:\/\/neanoticias.com\/index.php\/wp-json\/wp\/v2\/users\/1"}],"replies":[{"embeddable":true,"href":"https:\/\/neanoticias.com\/index.php\/wp-json\/wp\/v2\/comments?post=1500"}],"version-history":[{"count":1,"href":"https:\/\/neanoticias.com\/index.php\/wp-json\/wp\/v2\/posts\/1500\/revisions"}],"predecessor-version":[{"id":1502,"href":"https:\/\/neanoticias.com\/index.php\/wp-json\/wp\/v2\/posts\/1500\/revisions\/1502"}],"wp:featuredmedia":[{"embeddable":true,"href":"https:\/\/neanoticias.com\/index.php\/wp-json\/wp\/v2\/media\/1501"}],"wp:attachment":[{"href":"https:\/\/neanoticias.com\/index.php\/wp-json\/wp\/v2\/media?parent=1500"}],"wp:term":[{"taxonomy":"category","embeddable":true,"href":"https:\/\/neanoticias.com\/index.php\/wp-json\/wp\/v2\/categories?post=1500"},{"taxonomy":"post_tag","embeddable":true,"href":"https:\/\/neanoticias.com\/index.php\/wp-json\/wp\/v2\/tags?post=1500"}],"curies":[{"name":"wp","href":"https:\/\/api.w.org\/{rel}","templated":true}]}}