{"id":1494,"date":"2024-07-05T04:45:25","date_gmt":"2024-07-05T04:45:25","guid":{"rendered":"https:\/\/neanoticias.com\/?p=1494"},"modified":"2024-07-24T04:58:22","modified_gmt":"2024-07-24T04:58:22","slug":"como-se-aplicara-la-actualizacion-de-haberes-con-sentencia-firme","status":"publish","type":"post","link":"https:\/\/neanoticias.com\/index.php\/2024\/07\/05\/como-se-aplicara-la-actualizacion-de-haberes-con-sentencia-firme\/","title":{"rendered":"C\u00d3MO SE APLICAR\u00c1 LA ACTUALIZACI\u00d3N DE HABERES CON SENTENCIA FIRME"},"content":{"rendered":"\n<p>El Vocero Presidencial Manuel Adorni anunci\u00f3 este lunes que el Gobierno Nacional dispuso que la ANSES actualice en forma inmediata los haberes de los jubilados o pensionados que tengan una sentencia firme dispuesta por la Justicia por motivo de reajuste, \u201cponiendo fin a una pr\u00e1ctica injusta e inmoral\u201d. \u201cNo es ni m\u00e1s ni menos que lo que les corresponde despu\u00e9s de toda una vida de trabajo\u201d, subray\u00f3. \u00a0<\/p>\n\n\n\n<figure class=\"wp-block-image size-full\"><img loading=\"lazy\" width=\"700\" height=\"495\" src=\"https:\/\/neanoticias.com\/wp-content\/uploads\/2024\/07\/391110.jpeg_nota.jpeg\" alt=\"\" class=\"wp-image-1495\" srcset=\"https:\/\/neanoticias.com\/wp-content\/uploads\/2024\/07\/391110.jpeg_nota.jpeg 700w, https:\/\/neanoticias.com\/wp-content\/uploads\/2024\/07\/391110.jpeg_nota-300x212.jpeg 300w\" sizes=\"(max-width: 700px) 100vw, 700px\" \/><\/figure>\n\n\n\n<p>En su habitual conferencia de prensa en la Casa Rosada, Adorni tambi\u00e9n resalt\u00f3 que en solo 45 d\u00edas&nbsp;<strong>m\u00e1s de 636 mil personas<\/strong>&nbsp;se registraron a los cursos de formaci\u00f3n del programa Volver al Trabajo y cerca del 76% de los beneficiarios de planes sociales iniciaron el proceso de inscripci\u00f3n, lo cual \u201cdemuestra que el crecimiento de los planes no ha sido culpa de la gente, sino de los pol\u00edticos que han querido siempre vivir de ellos\u201d.<\/p>\n\n\n\n<p>Por otro lado, el Vocero indic\u00f3 que esta noche el Presidente Milei encabezar\u00e1 en Tucum\u00e1n la firma del Acta de Mayo junto a los \u201cdirigentes que est\u00e1n comprometidos con la prosperidad de los argentinos\u201d y que \u201cdejaron de lado cualquier diatriba propia de la pol\u00edtica que sumergi\u00f3 a nuestra Naci\u00f3n en la miseria\u201d.<\/p>\n\n\n\n<p>Por \u00faltimo, el funcionario invit\u00f3 a toda la sociedad a participar ma\u00f1ana a las 10:30 de un desfile militar que se realizar\u00e1 sobre la Avenida Libertador, en la Ciudad de Buenos Aires, para celebrar un nuevo aniversario de la Independencia y a su vez \u201cconmemorar las glorias militares que tienen a nuestras fuerzas como protagonistas\u201d.<\/p>\n\n\n\n<p><strong>A continuaci\u00f3n, los puntos m\u00e1s destacados de la conferencia:<\/strong><\/p>\n\n\n\n<ul><li>\u201cLa ANSES actualizar\u00e1 los haberes de forma inmediata de aquellos jubilados o pensionados que tengan una sentencia firme dispuesta por la Justicia por motivo de reajuste. En la actualidad hay cerca de 92 mil casos\u201d.&nbsp;<\/li><li>\u201cHace d\u00e9cadas que las personas no ten\u00edan respuesta a sus reclamos. Esto no es ni m\u00e1s ni menos que lo que les corresponde despu\u00e9s de toda una vida de dedicarse a trabajar.<\/li><li>\u201cEsta medida le pone fin a una pr\u00e1ctica injusta e inmoral, y tambi\u00e9n significa un ahorro para el Estado porque se eliminan los intereses que se acumulaban por el no pago de las sentencias en el tiempo, as\u00ed que es parte de lograr mayor eficiencia y trasparencia\u201d.<\/li><li>\u201cDestacar el programa Volver al Trabajo que capacita a beneficiarios de planes sociales y logr\u00f3 en 45 d\u00edas que m\u00e1s de 636 mil personas se registren a los cursos de formaci\u00f3n laboral para ir saliendo del esquema de asistencialismo que tanto nos ha condenado como sociedad\u201d.&nbsp;<\/li><li>\u201cCerca del 76% de los 1.012.356 planes activos han iniciado ya el proceso de inscripci\u00f3n a este programa que sigue abierto y representa una oportunidad de empleo para todos\u201d.<\/li><li>\u201cEsto demuestra que el crecimiento de los planes no ha sido culpa de la gente, sino de los pol\u00edticos que han querido siempre vivir de ellos\u201d.<\/li><li>\u201cHoy a las 21 el Presidente Milei viajar\u00e1 a Tucum\u00e1n para encabezar la firma del Acta de Mayo. A las partir\u00e1 en un vuelo todo el Gabinete Nacional, con la presencia de 19 de los 24 Gobernadores\u201d.&nbsp;<\/li><li>\u201cA este Pacto asisten los dirigentes que mejor representan el inter\u00e9s de la gente y que est\u00e1n comprometidos con la prosperidad de los argentinos dejando de lado cualquier diatriba propia de la pol\u00edtica que sumergi\u00f3 a nuestra Naci\u00f3n en la miseria\u201d.<\/li><li>\u201cInvitamos a la sociedad argentina a abrazar los s\u00edmbolos patrios en un nuevo aniversario de la independencia de la Argentina. Ma\u00f1ana a las 10:30, y como fue costumbre en los albores de nuestro pa\u00eds, habr\u00e1 un desfile militar en la Ciudad de Buenos Aires, sobre la Av. Libertador\u201d.<\/li><li>\u201cAll\u00ed se van a conmemorar las glorias militares que hicieron grande a nuestra Naci\u00f3n y que tienen a las fuerzas como protagonistas de las grandes epopeyas de nuestra historia\u201d.<\/li><li>\u201cDespu\u00e9s de mucho tiempo Argentina va a tener en sus calles desfilando tanques, aviones y caballer\u00eda en una jornada para el recuerdo\u201d.<\/li><li>\u201cEsta idea de que el 11 de diciembre ten\u00eda que estar el cepo levantado, la econom\u00eda desregulada y todo liberado, era lo que pensaban muchos de los que quer\u00edan vernos fracasar a los pocos d\u00edas de asumir\u201d.<\/li><li>\u201cHay un mont\u00f3n de personajes que desean que nos vaya muy mal y arruinar lo que estamos haciendo porque entienden que nos est\u00e1 yendo bien, que estamos por el camino correcto\u201d.<\/li><li>\u201cPara nosotros la Educaci\u00f3n es un tema provincial. Cada una de las jurisdicciones deber\u00e1 resolver si destina m\u00e1s o menos fondos a que los docentes tengan un sueldo mayor o no\u201d.<\/li><li>\u201cEl recorte presupuestario en RTA va en l\u00ednea con que pueda ser m\u00e1s eficiente. Tiene un d\u00e9ficit monstruoso y se est\u00e1 trabajando para que no genere tama\u00f1o gasto para el contribuyente\u201d.<\/li><\/ul>\n","protected":false},"excerpt":{"rendered":"<p>El Vocero Presidencial Manuel Adorni anunci\u00f3 este lunes que el Gobierno Nacional dispuso que la&#8230;<\/p>\n","protected":false},"author":1,"featured_media":1495,"comment_status":"open","ping_status":"open","sticky":false,"template":"","format":"standard","meta":[],"categories":[1],"tags":[],"_links":{"self":[{"href":"https:\/\/neanoticias.com\/index.php\/wp-json\/wp\/v2\/posts\/1494"}],"collection":[{"href":"https:\/\/neanoticias.com\/index.php\/wp-json\/wp\/v2\/posts"}],"about":[{"href":"https:\/\/neanoticias.com\/index.php\/wp-json\/wp\/v2\/types\/post"}],"author":[{"embeddable":true,"href":"https:\/\/neanoticias.com\/index.php\/wp-json\/wp\/v2\/users\/1"}],"replies":[{"embeddable":true,"href":"https:\/\/neanoticias.com\/index.php\/wp-json\/wp\/v2\/comments?post=1494"}],"version-history":[{"count":1,"href":"https:\/\/neanoticias.com\/index.php\/wp-json\/wp\/v2\/posts\/1494\/revisions"}],"predecessor-version":[{"id":1496,"href":"https:\/\/neanoticias.com\/index.php\/wp-json\/wp\/v2\/posts\/1494\/revisions\/1496"}],"wp:featuredmedia":[{"embeddable":true,"href":"https:\/\/neanoticias.com\/index.php\/wp-json\/wp\/v2\/media\/1495"}],"wp:attachment":[{"href":"https:\/\/neanoticias.com\/index.php\/wp-json\/wp\/v2\/media?parent=1494"}],"wp:term":[{"taxonomy":"category","embeddable":true,"href":"https:\/\/neanoticias.com\/index.php\/wp-json\/wp\/v2\/categories?post=1494"},{"taxonomy":"post_tag","embeddable":true,"href":"https:\/\/neanoticias.com\/index.php\/wp-json\/wp\/v2\/tags?post=1494"}],"curies":[{"name":"wp","href":"https:\/\/api.w.org\/{rel}","templated":true}]}}