{"id":1490,"date":"2024-07-05T04:42:05","date_gmt":"2024-07-05T04:42:05","guid":{"rendered":"https:\/\/neanoticias.com\/?p=1490"},"modified":"2024-07-24T04:58:29","modified_gmt":"2024-07-24T04:58:29","slug":"corrientes-habilitaran-nuevos-carriles-exclusivos-para-colectivos","status":"publish","type":"post","link":"https:\/\/neanoticias.com\/index.php\/2024\/07\/05\/corrientes-habilitaran-nuevos-carriles-exclusivos-para-colectivos\/","title":{"rendered":"CORRIENTES: HABILITAR\u00c1N NUEVOS CARRILES EXCLUSIVOS PARA COLECTIVOS"},"content":{"rendered":"\n<p>A partir de este lunes, la Municipalidad de Corrientes habilitar\u00e1 nuevos carriles exclusivos para colectivos en un intento por mejorar la circulaci\u00f3n vial en el \u00e1rea central de la ciudad. La medida afectar\u00e1 la calle Tucum\u00e1n, entre la avenida Costanera e Hip\u00f3lito Yrigoyen, e Hip\u00f3lito Yrigoyen hasta la calle Santa Fe.\u00a0<\/p>\n\n\n\n<figure class=\"wp-block-image size-full\"><img loading=\"lazy\" width=\"700\" height=\"466\" src=\"https:\/\/neanoticias.com\/wp-content\/uploads\/2024\/07\/816705.jpg_nota.jpg\" alt=\"\" class=\"wp-image-1491\" srcset=\"https:\/\/neanoticias.com\/wp-content\/uploads\/2024\/07\/816705.jpg_nota.jpg 700w, https:\/\/neanoticias.com\/wp-content\/uploads\/2024\/07\/816705.jpg_nota-300x200.jpg 300w\" sizes=\"(max-width: 700px) 100vw, 700px\" \/><\/figure>\n\n\n\n<p>Estos carriles exclusivos funcionar\u00e1n de lunes a viernes, de 7 a 22 horas, y durante este per\u00edodo estar\u00e1 prohibido estacionar o detenerse en el lado derecho de dichas calles. Esta acci\u00f3n tambi\u00e9n implica la suspensi\u00f3n del estacionamiento medido en estas cuadras, que se trasladar\u00e1 a otras ubicaciones.<\/p>\n\n\n\n<p>El director General de Transporte Urbano de Corrientes, Santiago Matta, explic\u00f3 que la concentraci\u00f3n de unidades de transporte p\u00fablico gener\u00f3 problemas de tr\u00e1fico y riesgos para los ciudadanos.&nbsp;<\/p>\n\n\n\n<p><em><strong>\u201cLa concentraci\u00f3n de unidades de transporte p\u00fablico conlleva a tomar medidas como \u00e9sta, ya que esto impacta negativamente en el entorno, provoca atascos de tr\u00e1nsito y a veces situaciones de riesgo para los ciudadanos\u201d<\/strong><\/em>, se\u00f1al\u00f3 Matta.<\/p>\n\n\n\n<p>Dentro del plan de reordenamiento territorial, se designaron nuevos carriles exclusivos para el transporte p\u00fablico, lo que permitir\u00e1 generar \u00e1reas ambientales y calles m\u00e1s tranquilas. La calzada se dividi\u00f3 en dos carriles del mismo ancho, con el carril derecho restringido \u00fanicamente para el uso de colectivos.<\/p>\n\n\n\n<p>Adem\u00e1s, los estacionamientos de motos se trasladar\u00e1n a calles transversales, al igual que los espacios para carga y descarga, espacios reservados y lugares para personas con discapacidad.<\/p>\n\n\n\n<p>La prohibici\u00f3n de estacionar y detenerse en el carril derecho estar\u00e1 vigente de lunes a viernes, de 7 a 22 horas, afectando 11 cuadras: Tucum\u00e1n del 400 al 900 e Yrigoyen del 700 al 1300. Los nuevos lugares con estacionamiento medido ser\u00e1n: Jun\u00edn al 600, 9 de Julio al 600, San Mart\u00edn al 700, Bol\u00edvar al 700, Belgrano al 700, Moreno al 800, 900 y 1000, Jujuy al 1100 y 1200 y Uruguay al 1000.<\/p>\n\n\n\n<p>Matta destac\u00f3 que las nuevas arterias ya est\u00e1n se\u00f1alizadas con carteles y cordones pintados de rojo indicando la prohibici\u00f3n de estacionar de lunes a viernes, de 7 a 22 horas.<\/p>\n\n\n\n<h2><strong>Nuevos recorridos<\/strong><\/h2>\n\n\n\n<p>Debido a la incorporaci\u00f3n de estos nuevos corredores, 8 l\u00edneas urbanas modificar\u00e1n sus recorridos para transitar por estas nuevas arterias. Las l\u00edneas afectadas son:<\/p>\n\n\n\n<ul><li>101<\/li><li>102<\/li><li>103<\/li><li>105<\/li><li>106<\/li><li>108<\/li><li>110<\/li><li>104 B<\/li><\/ul>\n\n\n\n<p><em><strong>\u201cCon estas acciones queremos mejorar la calidad, eficiencia y eficacia de los servicios de transporte p\u00fablico en el \u00e1mbito municipal, adem\u00e1s de mejorar la transitabilidad y la calidad ambiental\u201d<\/strong><\/em>, resalt\u00f3 Matta.&nbsp;<\/p>\n\n\n\n<p>Por \u00faltimo, subray\u00f3 que estas medidas se tomaron tras un an\u00e1lisis t\u00e9cnico realizado por la Secretar\u00eda de Movilidad Urbana y Seguridad Ciudadana y la Subsecretar\u00eda de Transporte y de Tr\u00e1nsito, considerando el volumen de veh\u00edculos particulares y de transporte p\u00fablico que circulan por el \u00e1rea central y sus consecuencias en la problem\u00e1tica vial.<\/p>\n","protected":false},"excerpt":{"rendered":"<p>A partir de este lunes, la Municipalidad de Corrientes habilitar\u00e1 nuevos carriles exclusivos para colectivos&#8230;<\/p>\n","protected":false},"author":1,"featured_media":1491,"comment_status":"open","ping_status":"open","sticky":false,"template":"","format":"standard","meta":[],"categories":[1],"tags":[],"_links":{"self":[{"href":"https:\/\/neanoticias.com\/index.php\/wp-json\/wp\/v2\/posts\/1490"}],"collection":[{"href":"https:\/\/neanoticias.com\/index.php\/wp-json\/wp\/v2\/posts"}],"about":[{"href":"https:\/\/neanoticias.com\/index.php\/wp-json\/wp\/v2\/types\/post"}],"author":[{"embeddable":true,"href":"https:\/\/neanoticias.com\/index.php\/wp-json\/wp\/v2\/users\/1"}],"replies":[{"embeddable":true,"href":"https:\/\/neanoticias.com\/index.php\/wp-json\/wp\/v2\/comments?post=1490"}],"version-history":[{"count":1,"href":"https:\/\/neanoticias.com\/index.php\/wp-json\/wp\/v2\/posts\/1490\/revisions"}],"predecessor-version":[{"id":1492,"href":"https:\/\/neanoticias.com\/index.php\/wp-json\/wp\/v2\/posts\/1490\/revisions\/1492"}],"wp:featuredmedia":[{"embeddable":true,"href":"https:\/\/neanoticias.com\/index.php\/wp-json\/wp\/v2\/media\/1491"}],"wp:attachment":[{"href":"https:\/\/neanoticias.com\/index.php\/wp-json\/wp\/v2\/media?parent=1490"}],"wp:term":[{"taxonomy":"category","embeddable":true,"href":"https:\/\/neanoticias.com\/index.php\/wp-json\/wp\/v2\/categories?post=1490"},{"taxonomy":"post_tag","embeddable":true,"href":"https:\/\/neanoticias.com\/index.php\/wp-json\/wp\/v2\/tags?post=1490"}],"curies":[{"name":"wp","href":"https:\/\/api.w.org\/{rel}","templated":true}]}}