{"id":149,"date":"2022-09-07T15:07:42","date_gmt":"2022-09-07T15:07:42","guid":{"rendered":"https:\/\/neanoticias.com\/?p=149"},"modified":"2022-09-07T15:07:43","modified_gmt":"2022-09-07T15:07:43","slug":"habrian-informado-donde-estuvo-la-nena","status":"publish","type":"post","link":"https:\/\/neanoticias.com\/index.php\/2022\/09\/07\/habrian-informado-donde-estuvo-la-nena\/","title":{"rendered":"HABR\u00cdAN INFORMADO D\u00d3NDE ESTUVO LA NENA"},"content":{"rendered":"\n<p>El abogado Hermindo Gonz\u00e1lez, quien asumi\u00f3 la representaci\u00f3n de la familia, confirm\u00f3 a www.diarioepoca.com la ampliatoria en la declaraci\u00f3n de los padres de la nena en dependencia policial. Esa declaraci\u00f3n, alejar\u00eda de la imputaci\u00f3n al hasta ahora \u00fanico detenido: un joven de 20 a\u00f1os que fue demorado el viernes pasado siguiendo los datos del GPS del celular de la ni\u00f1a.<\/p>\n\n\n\n<p><\/p>\n\n\n\n<figure class=\"wp-block-image size-full\"><img loading=\"lazy\" width=\"850\" height=\"521\" src=\"https:\/\/neanoticias.com\/wp-content\/uploads\/2022\/09\/1248421w850h521c.jpg.webp\" alt=\"\" class=\"wp-image-150\" srcset=\"https:\/\/neanoticias.com\/wp-content\/uploads\/2022\/09\/1248421w850h521c.jpg.webp 850w, https:\/\/neanoticias.com\/wp-content\/uploads\/2022\/09\/1248421w850h521c.jpg-300x184.webp 300w, https:\/\/neanoticias.com\/wp-content\/uploads\/2022\/09\/1248421w850h521c.jpg-768x471.webp 768w\" sizes=\"(max-width: 850px) 100vw, 850px\" \/><\/figure>\n\n\n\n<p>R. de 12 a\u00f1os mantuvo en vilo a toda una comunidad. Desapareci\u00f3 cuando fue a la escuela y tres d\u00edas despu\u00e9s la encontraron sana y salva.<\/p>\n\n\n\n<p>Gonz\u00e1lez insisti\u00f3 que ser\u00e1 fundamental conocer lo que declare la nena ante c\u00e1mara Gesell: &#8220;Hoy es trascendental porque se sabr\u00e1 si el autor actu\u00f3 en soledad o no&#8221;.<\/p>\n","protected":false},"excerpt":{"rendered":"<p>El abogado Hermindo Gonz\u00e1lez, quien asumi\u00f3 la representaci\u00f3n de la familia, confirm\u00f3 a www.diarioepoca.com la&#8230;<\/p>\n","protected":false},"author":1,"featured_media":150,"comment_status":"open","ping_status":"open","sticky":false,"template":"","format":"standard","meta":[],"categories":[1],"tags":[],"_links":{"self":[{"href":"https:\/\/neanoticias.com\/index.php\/wp-json\/wp\/v2\/posts\/149"}],"collection":[{"href":"https:\/\/neanoticias.com\/index.php\/wp-json\/wp\/v2\/posts"}],"about":[{"href":"https:\/\/neanoticias.com\/index.php\/wp-json\/wp\/v2\/types\/post"}],"author":[{"embeddable":true,"href":"https:\/\/neanoticias.com\/index.php\/wp-json\/wp\/v2\/users\/1"}],"replies":[{"embeddable":true,"href":"https:\/\/neanoticias.com\/index.php\/wp-json\/wp\/v2\/comments?post=149"}],"version-history":[{"count":1,"href":"https:\/\/neanoticias.com\/index.php\/wp-json\/wp\/v2\/posts\/149\/revisions"}],"predecessor-version":[{"id":151,"href":"https:\/\/neanoticias.com\/index.php\/wp-json\/wp\/v2\/posts\/149\/revisions\/151"}],"wp:featuredmedia":[{"embeddable":true,"href":"https:\/\/neanoticias.com\/index.php\/wp-json\/wp\/v2\/media\/150"}],"wp:attachment":[{"href":"https:\/\/neanoticias.com\/index.php\/wp-json\/wp\/v2\/media?parent=149"}],"wp:term":[{"taxonomy":"category","embeddable":true,"href":"https:\/\/neanoticias.com\/index.php\/wp-json\/wp\/v2\/categories?post=149"},{"taxonomy":"post_tag","embeddable":true,"href":"https:\/\/neanoticias.com\/index.php\/wp-json\/wp\/v2\/tags?post=149"}],"curies":[{"name":"wp","href":"https:\/\/api.w.org\/{rel}","templated":true}]}}