{"id":1486,"date":"2024-06-25T23:43:41","date_gmt":"2024-06-25T23:43:41","guid":{"rendered":"https:\/\/neanoticias.com\/?p=1486"},"modified":"2024-06-25T23:43:43","modified_gmt":"2024-06-25T23:43:43","slug":"tassano-ratifico-el-compromiso-con-el-ambiente-en-la-inauguracion-del-punto-verde-no18","status":"publish","type":"post","link":"https:\/\/neanoticias.com\/index.php\/2024\/06\/25\/tassano-ratifico-el-compromiso-con-el-ambiente-en-la-inauguracion-del-punto-verde-no18\/","title":{"rendered":"TASSANO RATIFIC\u00d3 EL COMPROMISO CON EL AMBIENTE EN LA INAUGURACI\u00d3N DEL PUNTO VERDE N\u00ba18"},"content":{"rendered":"\n<p><em>\u201cComo ciudad que lucha contra el cambio clim\u00e1tico, somos pionera en el nordeste argentino\u201d, indic\u00f3 el intendente al habilitar este mi\u00e9rcoles un nuevo contenedor para que los vecinos puedan realizar la diferenciaci\u00f3n de residuos domiciliarios. As\u00ed, se ampl\u00eda el radio de influencia de protecci\u00f3n ambiental, el impulso de la econom\u00eda circular y la lucha contra el cambio clim\u00e1tico.<\/em><\/p>\n\n\n\n<figure class=\"wp-block-image size-large\"><img loading=\"lazy\" width=\"1024\" height=\"682\" src=\"https:\/\/neanoticias.com\/wp-content\/uploads\/2024\/06\/622a7047-7b4a-8e85-f5a3-fc05d9e942ce-1024x682.jpeg\" alt=\"\" class=\"wp-image-1487\" srcset=\"https:\/\/neanoticias.com\/wp-content\/uploads\/2024\/06\/622a7047-7b4a-8e85-f5a3-fc05d9e942ce-1024x682.jpeg 1024w, https:\/\/neanoticias.com\/wp-content\/uploads\/2024\/06\/622a7047-7b4a-8e85-f5a3-fc05d9e942ce-300x200.jpeg 300w, https:\/\/neanoticias.com\/wp-content\/uploads\/2024\/06\/622a7047-7b4a-8e85-f5a3-fc05d9e942ce-768x512.jpeg 768w, https:\/\/neanoticias.com\/wp-content\/uploads\/2024\/06\/622a7047-7b4a-8e85-f5a3-fc05d9e942ce.jpeg 1280w\" sizes=\"(max-width: 1024px) 100vw, 1024px\" \/><\/figure>\n\n\n\n<p>En el D\u00eda Mundial del Medio Ambiente, el intendente Eduardo Tassano este mi\u00e9rcoles inaugur\u00f3 el Punto Verde N\u00ba18 de la ciudad ubicado en avenida Sarmiento 2501 y se present\u00f3 el programa &#8220;Compromiso Verde&#8221; que tiene como objetivo posibilitar a vecinos e instituciones apadrinar \u00e1rboles y espacios verdes de la ciudad.<br>Con este nuevo punto se expanden el n\u00famero de zonas en la ciudad que cuentan con contenedores diferenciados para el reciclaje y la reutilizaci\u00f3n de materiales como vidrio, pl\u00e1stico y cart\u00f3n. Los mismos son recolectados por camiones especiales.<br>En este sentido, desde la gesti\u00f3n liderada por Tassano una vez m\u00e1s se destac\u00f3 que el programa municipal registra un gran crecimiento constante en la participaci\u00f3n de los vecinos y, adem\u00e1s, este trabajo articulado permite avanzar en la construcci\u00f3n de Corrientes como ciudad sustentable.<br>En la oportunidad, se firm\u00f3 un convenio verde entre la Municipalidad de Corrientes y una estaci\u00f3n de servicio de la zona con el objetivo de ratificar el compromiso del cuidado del medioambiente y la lucha contra el cambio clim\u00e1tico.<br>En la inauguraci\u00f3n adem\u00e1s de Tassano asistieron el viceintendente, Emilio Lanari, el secretario de Ambiente, Ignacio Maldonado Yonna, los representantes del Grupo Gold, funcionarios municipales, instituciones educativas y vecinos en general.<\/p>\n\n\n\n<p>REVALORIZACI\u00d3N DEL AMBIENTE<br>\u201cEn el D\u00eda Mundial del Medio Ambiente, esta inauguraci\u00f3n cobra m\u00e1s importancia porque somos pionera en el nordeste argentino con esta lucha contra el cambio clim\u00e1tico\u201d, asegur\u00f3 Tassano.<br>En ese sentido, el intendente destac\u00f3 que \u201cseguimos trabajando en los barrios con el objetivo de mantener la responsabilidad social y concientizaci\u00f3n entre los vecinos, el sector p\u00fablico y privado\u201d.<\/p>\n\n\n\n<p>COMPROMISO VERDE<br>Por su parte, el secretario de Ambiente, Ignacio Maldonado Yonna sostuvo que \u201capostamos a embellecer la ciudad y vincularnos para tener la mayor cantidad de actores que puedan generar un cambio concreto\u201d.<br>A su vez, destac\u00f3 el acompa\u00f1amiento de las instituciones educativas y los vecinos que se suman a la concientizaci\u00f3n ciudadana.<\/p>\n","protected":false},"excerpt":{"rendered":"<p>\u201cComo ciudad que lucha contra el cambio clim\u00e1tico, somos pionera en el nordeste argentino\u201d, indic\u00f3&#8230;<\/p>\n","protected":false},"author":1,"featured_media":1487,"comment_status":"open","ping_status":"open","sticky":false,"template":"","format":"standard","meta":[],"categories":[1],"tags":[],"_links":{"self":[{"href":"https:\/\/neanoticias.com\/index.php\/wp-json\/wp\/v2\/posts\/1486"}],"collection":[{"href":"https:\/\/neanoticias.com\/index.php\/wp-json\/wp\/v2\/posts"}],"about":[{"href":"https:\/\/neanoticias.com\/index.php\/wp-json\/wp\/v2\/types\/post"}],"author":[{"embeddable":true,"href":"https:\/\/neanoticias.com\/index.php\/wp-json\/wp\/v2\/users\/1"}],"replies":[{"embeddable":true,"href":"https:\/\/neanoticias.com\/index.php\/wp-json\/wp\/v2\/comments?post=1486"}],"version-history":[{"count":1,"href":"https:\/\/neanoticias.com\/index.php\/wp-json\/wp\/v2\/posts\/1486\/revisions"}],"predecessor-version":[{"id":1488,"href":"https:\/\/neanoticias.com\/index.php\/wp-json\/wp\/v2\/posts\/1486\/revisions\/1488"}],"wp:featuredmedia":[{"embeddable":true,"href":"https:\/\/neanoticias.com\/index.php\/wp-json\/wp\/v2\/media\/1487"}],"wp:attachment":[{"href":"https:\/\/neanoticias.com\/index.php\/wp-json\/wp\/v2\/media?parent=1486"}],"wp:term":[{"taxonomy":"category","embeddable":true,"href":"https:\/\/neanoticias.com\/index.php\/wp-json\/wp\/v2\/categories?post=1486"},{"taxonomy":"post_tag","embeddable":true,"href":"https:\/\/neanoticias.com\/index.php\/wp-json\/wp\/v2\/tags?post=1486"}],"curies":[{"name":"wp","href":"https:\/\/api.w.org\/{rel}","templated":true}]}}