{"id":1483,"date":"2024-06-25T23:42:50","date_gmt":"2024-06-25T23:42:50","guid":{"rendered":"https:\/\/neanoticias.com\/?p=1483"},"modified":"2024-06-25T23:42:51","modified_gmt":"2024-06-25T23:42:51","slug":"oficial-se-realizo-la-presentacion-de-agronea-2024","status":"publish","type":"post","link":"https:\/\/neanoticias.com\/index.php\/2024\/06\/25\/oficial-se-realizo-la-presentacion-de-agronea-2024\/","title":{"rendered":"OFICIAL: SE REALIZ\u00d3 LA PRESENTACI\u00d3N DE AGRONEA 2024"},"content":{"rendered":"\n<p>Bajo el lema \u201cInteligencia Agropecuaria\u201d, Agronea 2024 se presenta como un espacio para el desarrollo de alianzas estrat\u00e9gicas y la promoci\u00f3n de buenas pr\u00e1cticas en el sector.<\/p>\n\n\n\n<figure class=\"wp-block-image size-full\"><img loading=\"lazy\" width=\"700\" height=\"478\" src=\"https:\/\/neanoticias.com\/wp-content\/uploads\/2024\/06\/191775.jpg_nota.jpg\" alt=\"\" class=\"wp-image-1484\" srcset=\"https:\/\/neanoticias.com\/wp-content\/uploads\/2024\/06\/191775.jpg_nota.jpg 700w, https:\/\/neanoticias.com\/wp-content\/uploads\/2024\/06\/191775.jpg_nota-300x205.jpg 300w\" sizes=\"(max-width: 700px) 100vw, 700px\" \/><\/figure>\n\n\n\n<p>Este mi\u00e9rcoles, en un hecho hist\u00f3rico para la exposici\u00f3n, se realiz\u00f3 la presentaci\u00f3n de Agronea 2024 Inteligencia Agropecuaria en la Honorable C\u00e1mara de Diputados de la Naci\u00f3n, ante la Comisi\u00f3n de Agricultura y Ganader\u00eda presidida por Atilio Benetti. Adem\u00e1s de confirmar su visita a la exposici\u00f3n, Benetti presidi\u00f3 reuniones con legisladores, representantes de diferentes bloques y comisiones.<\/p>\n\n\n\n<p>Fabi\u00e1n Alegre, miembro del Comit\u00e9 Organizador de la expo, destac\u00f3 que Agronea se ha consolidado como un punto de encuentro esencial para productores, empresas, profesionales y comunidades del norte argentino. Con m\u00e1s de 30 a\u00f1os de historia y 21 ediciones, esta exposici\u00f3n a cielo abierto se ha posicionado como la tercera m\u00e1s importante a nivel nacional, atrayendo a miles de visitantes, incluso de otros pa\u00edses.<\/p>\n\n\n\n<p>Esta edici\u00f3n contar\u00e1 con la presencia de una delegaci\u00f3n de la Uni\u00f3n Europea, subrayando la relevancia internacional de Agronea y su impacto en la econom\u00eda del sector agropecuario, industrial y comercial. M\u00e1s all\u00e1 de los tres d\u00edas de duraci\u00f3n de la exposici\u00f3n, Agronea ha dinamizado la gastronom\u00eda y hoteler\u00eda de Charata y otras localidades, adem\u00e1s de atraer inversiones de f\u00e1bricas y empresas que han decidido instalarse en la regi\u00f3n.<\/p>\n\n\n\n<p>Bajo el lema \u201cInteligencia Agropecuaria\u201d, Agronea 2024 se presenta como un espacio para el desarrollo de alianzas estrat\u00e9gicas y la promoci\u00f3n de buenas pr\u00e1cticas en el sector. La presentaci\u00f3n ante la Comisi\u00f3n de Agricultura y Ganader\u00eda de la C\u00e1mara de Diputados refuerza el compromiso de las autoridades con el crecimiento y proyecci\u00f3n del norte argentino, destacando la importancia de eventos como Agronea para el desarrollo regional y nacional.<\/p>\n\n\n\n<p>Antes de la presentaci\u00f3n, los miembros del Comit\u00e9 Organizador fueron recibidos por la diputada Mar\u00eda Luisa Chomiak, quien recibi\u00f3 detalles sobre los avances de la nueva edici\u00f3n. Se llevaron a cabo presentaciones oficiales de invitaci\u00f3n al presidente de la C\u00e1mara de Diputados, Mart\u00edn Menem, y al diputado por la Libertad Avanza Carlos Garc\u00eda.<\/p>\n\n\n\n<p>Adem\u00e1s, se realizaron reuniones con el secretario de Bioeconom\u00eda de la Naci\u00f3n, Fernando Vilella, el senador Victor Zimermann y Alfredo De Angelis, presidente de la Comisi\u00f3n de Agricultura, Ganader\u00eda y Pesca del Senado de la Naci\u00f3n. La jornada concluy\u00f3 con la presentaci\u00f3n e invitaci\u00f3n a la vicepresidenta de la Naci\u00f3n y presidenta del Senado, Victoria Villarruel.<\/p>\n","protected":false},"excerpt":{"rendered":"<p>Bajo el lema \u201cInteligencia Agropecuaria\u201d, Agronea 2024 se presenta como un espacio para el desarrollo&#8230;<\/p>\n","protected":false},"author":1,"featured_media":1484,"comment_status":"open","ping_status":"open","sticky":false,"template":"","format":"standard","meta":[],"categories":[1],"tags":[],"_links":{"self":[{"href":"https:\/\/neanoticias.com\/index.php\/wp-json\/wp\/v2\/posts\/1483"}],"collection":[{"href":"https:\/\/neanoticias.com\/index.php\/wp-json\/wp\/v2\/posts"}],"about":[{"href":"https:\/\/neanoticias.com\/index.php\/wp-json\/wp\/v2\/types\/post"}],"author":[{"embeddable":true,"href":"https:\/\/neanoticias.com\/index.php\/wp-json\/wp\/v2\/users\/1"}],"replies":[{"embeddable":true,"href":"https:\/\/neanoticias.com\/index.php\/wp-json\/wp\/v2\/comments?post=1483"}],"version-history":[{"count":1,"href":"https:\/\/neanoticias.com\/index.php\/wp-json\/wp\/v2\/posts\/1483\/revisions"}],"predecessor-version":[{"id":1485,"href":"https:\/\/neanoticias.com\/index.php\/wp-json\/wp\/v2\/posts\/1483\/revisions\/1485"}],"wp:featuredmedia":[{"embeddable":true,"href":"https:\/\/neanoticias.com\/index.php\/wp-json\/wp\/v2\/media\/1484"}],"wp:attachment":[{"href":"https:\/\/neanoticias.com\/index.php\/wp-json\/wp\/v2\/media?parent=1483"}],"wp:term":[{"taxonomy":"category","embeddable":true,"href":"https:\/\/neanoticias.com\/index.php\/wp-json\/wp\/v2\/categories?post=1483"},{"taxonomy":"post_tag","embeddable":true,"href":"https:\/\/neanoticias.com\/index.php\/wp-json\/wp\/v2\/tags?post=1483"}],"curies":[{"name":"wp","href":"https:\/\/api.w.org\/{rel}","templated":true}]}}