{"id":1480,"date":"2024-06-25T23:41:55","date_gmt":"2024-06-25T23:41:55","guid":{"rendered":"https:\/\/neanoticias.com\/?p=1480"},"modified":"2024-06-25T23:41:55","modified_gmt":"2024-06-25T23:41:55","slug":"arranco-agroactiva-se-espera-a-milei-y-a-mas-de-250-mil-visitantes","status":"publish","type":"post","link":"https:\/\/neanoticias.com\/index.php\/2024\/06\/25\/arranco-agroactiva-se-espera-a-milei-y-a-mas-de-250-mil-visitantes\/","title":{"rendered":"ARRANC\u00d3 AGROACTIVA: SE ESPERA A MILEI Y A M\u00c1S DE 250 MIL VISITANTES"},"content":{"rendered":"\n<p>As\u00ed lo confirmaron desde la organizaci\u00f3n. Llegar\u00e1 acompa\u00f1ado por el economista, diputado nacional y productor agropecuario, Jos\u00e9 Luis Espert, tal como lo hizo en ExpoAgro.<\/p>\n\n\n\n<figure class=\"wp-block-image size-full\"><img loading=\"lazy\" width=\"700\" height=\"393\" src=\"https:\/\/neanoticias.com\/wp-content\/uploads\/2024\/06\/775797.jpg_nota.jpg\" alt=\"\" class=\"wp-image-1481\" srcset=\"https:\/\/neanoticias.com\/wp-content\/uploads\/2024\/06\/775797.jpg_nota.jpg 700w, https:\/\/neanoticias.com\/wp-content\/uploads\/2024\/06\/775797.jpg_nota-300x168.jpg 300w\" sizes=\"(max-width: 700px) 100vw, 700px\" \/><\/figure>\n\n\n\n<p>Agroactiva, la muestra de Armstrong comienza hoy y se extender\u00e1 hasta el s\u00e1bado 8 de junio.&nbsp;La exposici\u00f3n se realizar\u00e1 en el predio ubicado en la ruta 178 y su intersecci\u00f3n con la autopista Rosario-C\u00f3rdoba.<\/p>\n\n\n\n<p>El presidente de la Naci\u00f3n, Javier Milei, confirm\u00f3 su presencia en Agroactiva el jueves 6 de junio. As\u00ed lo confirm\u00f3 la presidenta de la expo, Rosana Nardi.<\/p>\n\n\n\n<p>De esta manera, al igual que lo hizo en ExpoAgro, el l\u00edder de La Libertad Avanza busca acercarse al sector agropecuario, el cual espera se\u00f1ales de la macroeconom\u00eda para poder comercializar la producci\u00f3n acopiada y tener certidumbre en cuanto al futuro de sus empresas.<\/p>\n\n\n\n<p>Hay que tener en cuenta que la liquidaci\u00f3n de divisas del agro sigue a paso muy lento y mayo fue el mes m\u00e1s flojo de los \u00faltimos 6 a\u00f1os.<\/p>\n\n\n\n<p>Seg\u00fan datos relevados por Coninagro, los productores s\u00f3lo vendieron el 34% de la producci\u00f3n de la campa\u00f1a 23\/24. Desde la entidad entienden que podr\u00eda ser consecuencia de los bajos precios que se vieron durante los \u00faltimos meses y la percepci\u00f3n de un tipo de cambio atrasado.<\/p>\n","protected":false},"excerpt":{"rendered":"<p>As\u00ed lo confirmaron desde la organizaci\u00f3n. Llegar\u00e1 acompa\u00f1ado por el economista, diputado nacional y productor&#8230;<\/p>\n","protected":false},"author":1,"featured_media":1481,"comment_status":"open","ping_status":"open","sticky":false,"template":"","format":"standard","meta":[],"categories":[1],"tags":[],"_links":{"self":[{"href":"https:\/\/neanoticias.com\/index.php\/wp-json\/wp\/v2\/posts\/1480"}],"collection":[{"href":"https:\/\/neanoticias.com\/index.php\/wp-json\/wp\/v2\/posts"}],"about":[{"href":"https:\/\/neanoticias.com\/index.php\/wp-json\/wp\/v2\/types\/post"}],"author":[{"embeddable":true,"href":"https:\/\/neanoticias.com\/index.php\/wp-json\/wp\/v2\/users\/1"}],"replies":[{"embeddable":true,"href":"https:\/\/neanoticias.com\/index.php\/wp-json\/wp\/v2\/comments?post=1480"}],"version-history":[{"count":1,"href":"https:\/\/neanoticias.com\/index.php\/wp-json\/wp\/v2\/posts\/1480\/revisions"}],"predecessor-version":[{"id":1482,"href":"https:\/\/neanoticias.com\/index.php\/wp-json\/wp\/v2\/posts\/1480\/revisions\/1482"}],"wp:featuredmedia":[{"embeddable":true,"href":"https:\/\/neanoticias.com\/index.php\/wp-json\/wp\/v2\/media\/1481"}],"wp:attachment":[{"href":"https:\/\/neanoticias.com\/index.php\/wp-json\/wp\/v2\/media?parent=1480"}],"wp:term":[{"taxonomy":"category","embeddable":true,"href":"https:\/\/neanoticias.com\/index.php\/wp-json\/wp\/v2\/categories?post=1480"},{"taxonomy":"post_tag","embeddable":true,"href":"https:\/\/neanoticias.com\/index.php\/wp-json\/wp\/v2\/tags?post=1480"}],"curies":[{"name":"wp","href":"https:\/\/api.w.org\/{rel}","templated":true}]}}