{"id":1477,"date":"2024-06-25T23:39:18","date_gmt":"2024-06-25T23:39:18","guid":{"rendered":"https:\/\/neanoticias.com\/?p=1477"},"modified":"2024-06-25T23:39:20","modified_gmt":"2024-06-25T23:39:20","slug":"la-municipalidad-homenajeo-a-escritores-con-linaje-italiano","status":"publish","type":"post","link":"https:\/\/neanoticias.com\/index.php\/2024\/06\/25\/la-municipalidad-homenajeo-a-escritores-con-linaje-italiano\/","title":{"rendered":"LA MUNICIPALIDAD HOMENAJE\u00d3 A ESCRITORES CON LINAJE ITALIANO"},"content":{"rendered":"\n<p><em>Junto al Gobierno provincial y la Sociedad Italiana \u201cDante Alighieri\u201d, 10 escritores fueron reconocidos este jueves en un acto desarrollado en inmediaciones de la Biblioteca El Palomar del parque Mitre. El s\u00e1bado habr\u00e1 una presentaci\u00f3n de la Orquesta Sinf\u00f3nica de Corrientes en el Colegio P\u00edo XI, a partir de las 21, con entrada libre y gratuita.<\/em><\/p>\n\n\n\n<figure class=\"wp-block-image size-large\"><img loading=\"lazy\" width=\"1024\" height=\"682\" src=\"https:\/\/neanoticias.com\/wp-content\/uploads\/2024\/06\/08ec5a12-df4b-14a7-29e5-89b24b2acbf6-1024x682.jpeg\" alt=\"\" class=\"wp-image-1478\" srcset=\"https:\/\/neanoticias.com\/wp-content\/uploads\/2024\/06\/08ec5a12-df4b-14a7-29e5-89b24b2acbf6-1024x682.jpeg 1024w, https:\/\/neanoticias.com\/wp-content\/uploads\/2024\/06\/08ec5a12-df4b-14a7-29e5-89b24b2acbf6-300x200.jpeg 300w, https:\/\/neanoticias.com\/wp-content\/uploads\/2024\/06\/08ec5a12-df4b-14a7-29e5-89b24b2acbf6-768x512.jpeg 768w, https:\/\/neanoticias.com\/wp-content\/uploads\/2024\/06\/08ec5a12-df4b-14a7-29e5-89b24b2acbf6.jpeg 1280w\" sizes=\"(max-width: 1024px) 100vw, 1024px\" \/><\/figure>\n\n\n\n<p>La Municipalidad de Corrientes, junto al Gobierno provincial y la Sociedad Italiana \u201cDante Alighieri\u201d, homenaje\u00f3 este jueves a escritores con linaje italiano, mediante un acto desarrollado en inmediaciones de la Biblioteca El Palomar ubicada en el parque Mitre.<\/p>\n\n\n\n<p>En el marco de la Semana de la Cultura Italiana, 10 escritores fueron reconocidos por su labor, visibilizaci\u00f3n y aporte a la cultura. Del acto participaron la subsecretaria de Relaciones Institucionales&nbsp;de la Municipalidad, Keren Anderson; el director de Artes Esc\u00e9nicas, M\u00fasica y Artes Audiovisuales del Instituto de Cultura, Eduardo S\u00edvori; entre otros funcionarios.<\/p>\n\n\n\n<p>La subsecretaria de Relaciones Institucionales&nbsp;explic\u00f3 que la actividad \u201ctiene como finalidad poder brindar un reconocimiento a aquellos escritores que tienen una ascendencia italiana y que son muy representativos en relaci\u00f3n a su&nbsp;obra literaria para nuestra ciudad y para nuestra provincia\u201d.<\/p>\n\n\n\n<p>\u201cEstamos reconociendo la interculturalidad, la importancia y la relevancia que tuvieron dentro de las corrientes migratorias, precisamente la inmigraci\u00f3n de los italianos hacia nuestro pa\u00eds, que forma parte hoy en d\u00eda de lo que es nuestra cultura, de lo que es&nbsp;tambi\u00e9n nuestro d\u00eda a d\u00eda, nuestras tradiciones\u201d, sostuvo la funcionaria.<\/p>\n\n\n\n<p>Por su parte, Eduardo S\u00edvori precis\u00f3 que este tipo de acciones permite \u201cpromover la visibilizaci\u00f3n de escritores con linaje italiano, descendientes de italianos, con una importante oferta de libros de escritores con dicha ascendencia\u201d.<\/p>\n\n\n\n<p>En cuanto a las diversas actividades que se llevar\u00e1n adelante durante la semana, el director de Artes Esc\u00e9nicas detall\u00f3: \u201cPor un lado, involucra todos los espacios, todos los museos del municipio como el centro cultural Adolfo Mors, la Casa Molinas, la Biblioteca El Palomar, y tambi\u00e9n los museos provinciales como el Museo de Bellas Artes y el Museo Hist\u00f3rico\u201d. Adem\u00e1s, indic\u00f3 que \u201cse invit\u00f3 a todos los restaurantes para que haya una oferta de comida italiana\u201d.<\/p>\n\n\n\n<p>Por \u00faltimo, S\u00edvori invit\u00f3 a los vecinos a participar del cierre de la Semana de la Cultura Italiana que se realizar\u00e1 el s\u00e1bado, a las 21, en el Colegio P\u00edo XI, \u201cdonde la Orquesta Sinf\u00f3nica de Corrientes estar\u00e1 haciendo m\u00fasica italiana de ayer, de hoy y de siempre, acompa\u00f1ada de cantantes que van a hacer m\u00fasica l\u00edrica\u201d. La actividad ser\u00e1 con entrada libre y gratuita.<\/p>\n","protected":false},"excerpt":{"rendered":"<p>Junto al Gobierno provincial y la Sociedad Italiana \u201cDante Alighieri\u201d, 10 escritores fueron reconocidos este&#8230;<\/p>\n","protected":false},"author":1,"featured_media":1478,"comment_status":"open","ping_status":"open","sticky":false,"template":"","format":"standard","meta":[],"categories":[1],"tags":[],"_links":{"self":[{"href":"https:\/\/neanoticias.com\/index.php\/wp-json\/wp\/v2\/posts\/1477"}],"collection":[{"href":"https:\/\/neanoticias.com\/index.php\/wp-json\/wp\/v2\/posts"}],"about":[{"href":"https:\/\/neanoticias.com\/index.php\/wp-json\/wp\/v2\/types\/post"}],"author":[{"embeddable":true,"href":"https:\/\/neanoticias.com\/index.php\/wp-json\/wp\/v2\/users\/1"}],"replies":[{"embeddable":true,"href":"https:\/\/neanoticias.com\/index.php\/wp-json\/wp\/v2\/comments?post=1477"}],"version-history":[{"count":1,"href":"https:\/\/neanoticias.com\/index.php\/wp-json\/wp\/v2\/posts\/1477\/revisions"}],"predecessor-version":[{"id":1479,"href":"https:\/\/neanoticias.com\/index.php\/wp-json\/wp\/v2\/posts\/1477\/revisions\/1479"}],"wp:featuredmedia":[{"embeddable":true,"href":"https:\/\/neanoticias.com\/index.php\/wp-json\/wp\/v2\/media\/1478"}],"wp:attachment":[{"href":"https:\/\/neanoticias.com\/index.php\/wp-json\/wp\/v2\/media?parent=1477"}],"wp:term":[{"taxonomy":"category","embeddable":true,"href":"https:\/\/neanoticias.com\/index.php\/wp-json\/wp\/v2\/categories?post=1477"},{"taxonomy":"post_tag","embeddable":true,"href":"https:\/\/neanoticias.com\/index.php\/wp-json\/wp\/v2\/tags?post=1477"}],"curies":[{"name":"wp","href":"https:\/\/api.w.org\/{rel}","templated":true}]}}