{"id":1473,"date":"2024-06-25T23:37:22","date_gmt":"2024-06-25T23:37:22","guid":{"rendered":"https:\/\/neanoticias.com\/?p=1473"},"modified":"2024-06-25T23:37:24","modified_gmt":"2024-06-25T23:37:24","slug":"estaran-disponibles-turnos-para-visitarlos-cementerios-por-el-dia-del-padre","status":"publish","type":"post","link":"https:\/\/neanoticias.com\/index.php\/2024\/06\/25\/estaran-disponibles-turnos-para-visitarlos-cementerios-por-el-dia-del-padre\/","title":{"rendered":"ESTAR\u00c1N DISPONIBLES TURNOS PARA VISITAR<br>LOS CEMENTERIOS POR EL D\u00cdA DEL PADRE"},"content":{"rendered":"\n<p><em>Los vecinos deber\u00e1n solicitar turno, a trav\u00e9s del siguiente link: \u00a0<a rel=\"noreferrer noopener\" href=\"https:\/\/ciudaddecorrientes.us12.list-manage.com\/track\/click?u=253e4bcff71216c6af771c3c9&amp;id=e39ab124e1&amp;e=ed96687b8c\" target=\"_blank\">https:\/\/sistemas.ciudaddecorrientes.gov.ar\/turnos\/<\/a>\u00a0con fines organizativos y para garantizar la seguridad y el acompa\u00f1amiento en los dos camposantos municipales, el s\u00e1bado 15, domingo 16 y lunes 17. Del operativo participar\u00e1n agentes de Defunciones, Tr\u00e1nsito, Guardia Urbana, Salud y Polic\u00eda de la Provincia.<\/em><\/p>\n\n\n\n<figure class=\"wp-block-image size-full\"><img loading=\"lazy\" width=\"848\" height=\"565\" src=\"https:\/\/neanoticias.com\/wp-content\/uploads\/2024\/06\/598dca1a-5b5e-47ab-1385-fdb95773409d.jpeg\" alt=\"\" class=\"wp-image-1474\" srcset=\"https:\/\/neanoticias.com\/wp-content\/uploads\/2024\/06\/598dca1a-5b5e-47ab-1385-fdb95773409d.jpeg 848w, https:\/\/neanoticias.com\/wp-content\/uploads\/2024\/06\/598dca1a-5b5e-47ab-1385-fdb95773409d-300x200.jpeg 300w, https:\/\/neanoticias.com\/wp-content\/uploads\/2024\/06\/598dca1a-5b5e-47ab-1385-fdb95773409d-768x512.jpeg 768w\" sizes=\"(max-width: 848px) 100vw, 848px\" \/><\/figure>\n\n\n\n<p>La Municipalidad de Corrientes informa que, a partir del martes 11 de junio, estar\u00e1 disponible en su p\u00e1gina web los turnos para visitar el 15, 16 y 17 de junio los cementerios San Juan Bautista, del barrio Virgen de los Dolores, y San Isidro Labrador de Laguna Brava, por conmemorarse el domingo el D\u00eda del Padre. El horario de visitas ser\u00e1 de 8 a 18.<\/p>\n\n\n\n<p>El director general de Defunciones del municipio, Germ\u00e1n Voelki Berenz, aclar\u00f3 que la disposici\u00f3n de solicitar turnos \u201cse realiza s\u00f3lo a fines organizativos para ordenar el ingreso y el registro de las personas que van a asistir el fin de semana a los cementerios capitalinos a ra\u00edz de la gran cantidad de vecinos que acostumbran a visitar a sus familiares fallecidos en esta fecha tan especial\u201d.&nbsp;<\/p>\n\n\n\n<p>Los turnos podr\u00e1n solicitarse al link:&nbsp;<a href=\"https:\/\/ciudaddecorrientes.us12.list-manage.com\/track\/click?u=253e4bcff71216c6af771c3c9&amp;id=30dc9ee4da&amp;e=ed96687b8c\" target=\"_blank\" rel=\"noreferrer noopener\">https:\/\/sistemas.ciudaddecorrientes.gov.ar\/turnos\/<\/a>&nbsp;debiendo registrarse una sola persona por grupo familiar, completando con sus datos e indicando qui\u00e9nes lo van a acompa\u00f1ar, adem\u00e1s del lugar donde se encuentra el deudo a visitar, teniendo en cuenta cada cementerio.<\/p>\n\n\n\n<p>El funcionario se\u00f1al\u00f3 que la Municipalidad &#8220;permitir\u00e1 el acceso a todos los ciudadanos, incluso a aquellos que no hayan solicitado el turno correspondiente. En esos casos, el personal de Defunciones le tomar\u00e1 los datos a un referente del grupo familiar en el ingreso&#8221;.<br>Adem\u00e1s, explic\u00f3 que esta disposici\u00f3n de otorgar turnos \u201ces con fines organizativos para brindar mayor seguridad y acompa\u00f1amiento a los vecinos que se acerquen a visitar a sus familiares fallecidos\u201d, reiter\u00f3.<\/p>\n\n\n\n<p>Para ello, se\u00f1al\u00f3: \u201cSe desplegar\u00e1 un gran operativo en ambos cementerios del que participar\u00e1n agentes municipales de Defunciones, y el apoyo de personal de Tr\u00e1nsito, Guardia Urbana, Salud y Polic\u00eda de la Provincia\u201d.<\/p>\n\n\n\n<p>Vale se\u00f1alar que la misa por el D\u00eda del Padre se realizar\u00e1 el domingo 16 de junio, a las 9, en la capilla en el cementerio San Juan Bautista.<\/p>\n","protected":false},"excerpt":{"rendered":"<p>Los vecinos deber\u00e1n solicitar turno, a trav\u00e9s del siguiente link: \u00a0https:\/\/sistemas.ciudaddecorrientes.gov.ar\/turnos\/\u00a0con fines organizativos y para&#8230;<\/p>\n","protected":false},"author":1,"featured_media":1474,"comment_status":"open","ping_status":"open","sticky":false,"template":"","format":"standard","meta":[],"categories":[1],"tags":[],"_links":{"self":[{"href":"https:\/\/neanoticias.com\/index.php\/wp-json\/wp\/v2\/posts\/1473"}],"collection":[{"href":"https:\/\/neanoticias.com\/index.php\/wp-json\/wp\/v2\/posts"}],"about":[{"href":"https:\/\/neanoticias.com\/index.php\/wp-json\/wp\/v2\/types\/post"}],"author":[{"embeddable":true,"href":"https:\/\/neanoticias.com\/index.php\/wp-json\/wp\/v2\/users\/1"}],"replies":[{"embeddable":true,"href":"https:\/\/neanoticias.com\/index.php\/wp-json\/wp\/v2\/comments?post=1473"}],"version-history":[{"count":1,"href":"https:\/\/neanoticias.com\/index.php\/wp-json\/wp\/v2\/posts\/1473\/revisions"}],"predecessor-version":[{"id":1475,"href":"https:\/\/neanoticias.com\/index.php\/wp-json\/wp\/v2\/posts\/1473\/revisions\/1475"}],"wp:featuredmedia":[{"embeddable":true,"href":"https:\/\/neanoticias.com\/index.php\/wp-json\/wp\/v2\/media\/1474"}],"wp:attachment":[{"href":"https:\/\/neanoticias.com\/index.php\/wp-json\/wp\/v2\/media?parent=1473"}],"wp:term":[{"taxonomy":"category","embeddable":true,"href":"https:\/\/neanoticias.com\/index.php\/wp-json\/wp\/v2\/categories?post=1473"},{"taxonomy":"post_tag","embeddable":true,"href":"https:\/\/neanoticias.com\/index.php\/wp-json\/wp\/v2\/tags?post=1473"}],"curies":[{"name":"wp","href":"https:\/\/api.w.org\/{rel}","templated":true}]}}