{"id":1470,"date":"2024-06-25T23:36:21","date_gmt":"2024-06-25T23:36:21","guid":{"rendered":"https:\/\/neanoticias.com\/?p=1470"},"modified":"2024-06-25T23:36:22","modified_gmt":"2024-06-25T23:36:22","slug":"kevin-zenon-aporto-en-la-goleada-de-argentina-sub-23-ante-paraguay","status":"publish","type":"post","link":"https:\/\/neanoticias.com\/index.php\/2024\/06\/25\/kevin-zenon-aporto-en-la-goleada-de-argentina-sub-23-ante-paraguay\/","title":{"rendered":"KEVIN ZEN\u00d3N APORT\u00d3 EN LA GOLEADA DE ARGENTINA SUB 23 ANTE PARAGUAY"},"content":{"rendered":"\n<p>El equipo de Mascherano gan\u00f3 por 4 a 0. Lucas Beltr\u00e1n anot\u00f3 un doblete y el cuarto fue de Pablo Solari.<\/p>\n\n\n\n<figure class=\"wp-block-image size-full\"><img loading=\"lazy\" width=\"700\" height=\"350\" src=\"https:\/\/neanoticias.com\/wp-content\/uploads\/2024\/06\/266228.jpg_nota.jpg\" alt=\"\" class=\"wp-image-1471\" srcset=\"https:\/\/neanoticias.com\/wp-content\/uploads\/2024\/06\/266228.jpg_nota.jpg 700w, https:\/\/neanoticias.com\/wp-content\/uploads\/2024\/06\/266228.jpg_nota-300x150.jpg 300w\" sizes=\"(max-width: 700px) 100vw, 700px\" \/><\/figure>\n\n\n\n<p>La Selecci\u00f3n Argentina Sub-23 de f\u00fatbol obtuvo una contundente victoria por 4-0 sobre su similar de Paraguay en un partido preparatorio para los Juegos Ol\u00edmpicos de Par\u00eds 2024. El encuentro se llev\u00f3 a cabo en el estadio Tom\u00e1s Adolfo Duc\u00f3 de Hurac\u00e1n.<\/p>\n\n\n\n<p>El primer gol del partido fue obra de Kevin Zen\u00f3n, jugador de Boca Juniors, quien con un potente disparo desde fuera del \u00e1rea abri\u00f3 el marcador a los 15 minutos del encuentro.<\/p>\n\n\n\n<p>Posteriormente, el delantero Lucas Beltr\u00e1n, actualmente en la Fiorentina y con pasado en Col\u00f3n y River Plate, anot\u00f3 un doblete, consolidando su buen momento futbol\u00edstico.<\/p>\n\n\n\n<p>El cuarto gol para el equipo dirigido por Javier Mascherano fue convertido por Pablo Solari, jugador de River Plate. Adem\u00e1s, vale destacar la participaci\u00f3n como titular de Lucas Esquivel, lateral izquierdo del Athletico Paranaense de Brasil y producto de las inferiores de Uni\u00f3n.<\/p>\n","protected":false},"excerpt":{"rendered":"<p>El equipo de Mascherano gan\u00f3 por 4 a 0. Lucas Beltr\u00e1n anot\u00f3 un doblete y&#8230;<\/p>\n","protected":false},"author":1,"featured_media":1471,"comment_status":"open","ping_status":"open","sticky":false,"template":"","format":"standard","meta":[],"categories":[1],"tags":[],"_links":{"self":[{"href":"https:\/\/neanoticias.com\/index.php\/wp-json\/wp\/v2\/posts\/1470"}],"collection":[{"href":"https:\/\/neanoticias.com\/index.php\/wp-json\/wp\/v2\/posts"}],"about":[{"href":"https:\/\/neanoticias.com\/index.php\/wp-json\/wp\/v2\/types\/post"}],"author":[{"embeddable":true,"href":"https:\/\/neanoticias.com\/index.php\/wp-json\/wp\/v2\/users\/1"}],"replies":[{"embeddable":true,"href":"https:\/\/neanoticias.com\/index.php\/wp-json\/wp\/v2\/comments?post=1470"}],"version-history":[{"count":1,"href":"https:\/\/neanoticias.com\/index.php\/wp-json\/wp\/v2\/posts\/1470\/revisions"}],"predecessor-version":[{"id":1472,"href":"https:\/\/neanoticias.com\/index.php\/wp-json\/wp\/v2\/posts\/1470\/revisions\/1472"}],"wp:featuredmedia":[{"embeddable":true,"href":"https:\/\/neanoticias.com\/index.php\/wp-json\/wp\/v2\/media\/1471"}],"wp:attachment":[{"href":"https:\/\/neanoticias.com\/index.php\/wp-json\/wp\/v2\/media?parent=1470"}],"wp:term":[{"taxonomy":"category","embeddable":true,"href":"https:\/\/neanoticias.com\/index.php\/wp-json\/wp\/v2\/categories?post=1470"},{"taxonomy":"post_tag","embeddable":true,"href":"https:\/\/neanoticias.com\/index.php\/wp-json\/wp\/v2\/tags?post=1470"}],"curies":[{"name":"wp","href":"https:\/\/api.w.org\/{rel}","templated":true}]}}