{"id":1457,"date":"2024-05-17T18:35:18","date_gmt":"2024-05-17T18:35:18","guid":{"rendered":"https:\/\/neanoticias.com\/?p=1457"},"modified":"2024-05-29T18:38:59","modified_gmt":"2024-05-29T18:38:59","slug":"rescatan-a-un-auto-que-cayo-a-un-arroyo-en-los-saltos-del-mocona","status":"publish","type":"post","link":"https:\/\/neanoticias.com\/index.php\/2024\/05\/17\/rescatan-a-un-auto-que-cayo-a-un-arroyo-en-los-saltos-del-mocona\/","title":{"rendered":"RESCATAN A UN AUTO QUE CAY\u00d3 A UN ARROYO EN LOS SALTOS DEL MOCON\u00c1"},"content":{"rendered":"\n<p>Guardaparques del Parque Provincial Mocon\u00e1, con el apoyo de la Prefectura Naval Argentina, rescataron el jueves por la tarde a dos vecinos de El Soberbio que hab\u00edan ca\u00eddo a las aguas del arroyo Yabot\u00ed a bordo de una camioneta,\u00a0 en el acceso al \u00e1rea natural protegida.<\/p>\n\n\n\n<figure class=\"wp-block-image size-full\"><img loading=\"lazy\" width=\"700\" height=\"472\" src=\"https:\/\/neanoticias.com\/wp-content\/uploads\/2024\/05\/193607.png_nota.jpg\" alt=\"\" class=\"wp-image-1458\" srcset=\"https:\/\/neanoticias.com\/wp-content\/uploads\/2024\/05\/193607.png_nota.jpg 700w, https:\/\/neanoticias.com\/wp-content\/uploads\/2024\/05\/193607.png_nota-300x202.jpg 300w\" sizes=\"(max-width: 700px) 100vw, 700px\" \/><\/figure>\n\n\n\n<p>Los damnificados, Rub\u00e9n P. (64 a\u00f1os, discapacitado motriz) y El\u00edas D.S. (65), fueron llevados al hospital local, donde se constat\u00f3 que no presentaban lesiones.<\/p>\n\n\n\n<p>De acuerdo con lo que se pudo determinar en base al relato de las propias v\u00edctimas, volv\u00edan del parque en descenso cuando perdieron el control del rodado. Al parecer, la camioneta qued\u00f3 sin frenos y, por las condiciones del terreno, descendi\u00f3 r\u00e1pido e impact\u00f3 contra la baranda del puente que est\u00e1 sobre el arroyo y luego se precipit\u00f3 al curso de agua. La corriente&nbsp;<strong>arrastr\u00f3 unos 100 metros la Toyota Hilux&nbsp;<\/strong>hasta que qued\u00f3 enganchada en unas rocas.<\/p>\n\n\n\n<p>Guardaparques que estaban en la zona se enteraron de la situaci\u00f3n y alertaron al destacamento&nbsp;<strong>Saltos del Mocon\u00e1 de la PNA.<\/strong>&nbsp;Con el apoyo de los prefecturianos, llevaron adelante el rescate, que fue exitoso.<\/p>\n\n\n\n<p><\/p>\n\n\n\n<p><\/p>\n\n\n\n<p><\/p>\n\n\n\n<p><\/p>\n\n\n\n<hr class=\"wp-block-separator has-alpha-channel-opacity\"\/>\n\n\n\n<h3><a rel=\"noreferrer noopener\" href=\"https:\/\/www.facebook.com\/sharer.php?u=https%3A%2F%2Fwww.radiosudamericana.com%2Fnota%2Fespectaculos%2F310461-Zoe-de-Gran-Hermano--irreconocible-a-dos-semanas-de-haber-salido-de-la-casa.htm\" target=\"_blank\"><\/a>\u00a0<a rel=\"noreferrer noopener\" href=\"https:\/\/twitter.com\/share?text=Zoe+de+%22Gran+Hermano%22%2C+irreconocible+a+dos+semanas+de+haber+salido+de+la+casa+%23radioSudamericana+https%3A%2F%2Fwww.radiosudamericana.com%2Fnota%2Fespectaculos%2F310461-Zoe-de-Gran-Hermano--irreconocible-a-dos-semanas-de-haber-salido-de-la-casa.htm\" target=\"_blank\"><\/a><\/h3>\n\n\n\n<p><a href=\"https:\/\/www.radiosudamericana.com\/nota\/espectaculos\/310461-Zoe-de-Gran-Hermano--irreconocible-a-dos-semanas-de-haber-salido-de-la-casa.htm\"><\/a><\/p>\n\n\n\n<p><\/p>\n","protected":false},"excerpt":{"rendered":"<p>Guardaparques del Parque Provincial Mocon\u00e1, con el apoyo de la Prefectura Naval Argentina, rescataron el&#8230;<\/p>\n","protected":false},"author":1,"featured_media":1458,"comment_status":"open","ping_status":"open","sticky":false,"template":"","format":"standard","meta":[],"categories":[1],"tags":[],"_links":{"self":[{"href":"https:\/\/neanoticias.com\/index.php\/wp-json\/wp\/v2\/posts\/1457"}],"collection":[{"href":"https:\/\/neanoticias.com\/index.php\/wp-json\/wp\/v2\/posts"}],"about":[{"href":"https:\/\/neanoticias.com\/index.php\/wp-json\/wp\/v2\/types\/post"}],"author":[{"embeddable":true,"href":"https:\/\/neanoticias.com\/index.php\/wp-json\/wp\/v2\/users\/1"}],"replies":[{"embeddable":true,"href":"https:\/\/neanoticias.com\/index.php\/wp-json\/wp\/v2\/comments?post=1457"}],"version-history":[{"count":1,"href":"https:\/\/neanoticias.com\/index.php\/wp-json\/wp\/v2\/posts\/1457\/revisions"}],"predecessor-version":[{"id":1459,"href":"https:\/\/neanoticias.com\/index.php\/wp-json\/wp\/v2\/posts\/1457\/revisions\/1459"}],"wp:featuredmedia":[{"embeddable":true,"href":"https:\/\/neanoticias.com\/index.php\/wp-json\/wp\/v2\/media\/1458"}],"wp:attachment":[{"href":"https:\/\/neanoticias.com\/index.php\/wp-json\/wp\/v2\/media?parent=1457"}],"wp:term":[{"taxonomy":"category","embeddable":true,"href":"https:\/\/neanoticias.com\/index.php\/wp-json\/wp\/v2\/categories?post=1457"},{"taxonomy":"post_tag","embeddable":true,"href":"https:\/\/neanoticias.com\/index.php\/wp-json\/wp\/v2\/tags?post=1457"}],"curies":[{"name":"wp","href":"https:\/\/api.w.org\/{rel}","templated":true}]}}