{"id":1451,"date":"2024-05-18T18:30:32","date_gmt":"2024-05-18T18:30:32","guid":{"rendered":"https:\/\/neanoticias.com\/?p=1451"},"modified":"2024-05-29T18:32:10","modified_gmt":"2024-05-29T18:32:10","slug":"saco-la-poceada-y-se-llevo-un-regalo-millonario-el-dia-de-su-cumpleanos","status":"publish","type":"post","link":"https:\/\/neanoticias.com\/index.php\/2024\/05\/18\/saco-la-poceada-y-se-llevo-un-regalo-millonario-el-dia-de-su-cumpleanos\/","title":{"rendered":"SAC\u00d3 LA POCEADA Y SE LLEV\u00d3 UN REGALO MILLONARIO EL D\u00cdA DE SU CUMPLEA\u00d1OS"},"content":{"rendered":"\n<p>Ocurri\u00f3 en la localidad de Villa Berthet, provincia de Chaco. \u201cNo hay mejor regalo\u201d, sostuvo este hombre de 56 a\u00f1os que se alz\u00f3 con una suma total de 11.189.934 pesos, ya que hab\u00eda compartido el primer premio junto a un vecino de Quitilipi.<\/p>\n\n\n\n<figure class=\"wp-block-image size-full\"><img loading=\"lazy\" width=\"700\" height=\"464\" src=\"https:\/\/neanoticias.com\/wp-content\/uploads\/2024\/05\/599646.png_nota.jpg\" alt=\"\" class=\"wp-image-1452\" srcset=\"https:\/\/neanoticias.com\/wp-content\/uploads\/2024\/05\/599646.png_nota.jpg 700w, https:\/\/neanoticias.com\/wp-content\/uploads\/2024\/05\/599646.png_nota-300x199.jpg 300w\" sizes=\"(max-width: 700px) 100vw, 700px\" \/><\/figure>\n\n\n\n<p>El protagonista de esta historia es\u00a0<strong>un jornalero oriundo de Villa Berthet<\/strong>, localidad de la provincia de Chaco, quien se hizo con el primer premio durante la edici\u00f3n de la Quiniela Poceada del pasado 11 de mayo, d\u00eda en que coincidentemente se celebraba su cumplea\u00f1os.<\/p>\n\n\n\n<p>\u201c<strong>No hay mejor regalo<\/strong>\u201d, sostuvo este hombre de 56 a\u00f1os que&nbsp;<strong>se alz\u00f3 con una suma total de 11.189.934 pesos<\/strong>, ya que hab\u00eda compartido el primer premio junto a un vecino de Quitilipi.<\/p>\n\n\n\n<p>En su caso, la suerte vino de la mano de una jugada manual, registrada en la Agencia 598 de Jorge Ricardo Ravadich, que se encuentra ubicada sobre Juan Manuel de Rosas 445 de Villa Berthet.<\/p>\n\n\n\n<p>\u201cSon n\u00fameros que vengo siguiendo desde hace rato\u201d, dijo el hombre respecto a&nbsp;<strong>00, 05, 14, 73 y 82, combinaci\u00f3n que finalmente le permiti\u00f3 celebrar su cumplea\u00f1os de una manera muy particular<\/strong>.<\/p>\n","protected":false},"excerpt":{"rendered":"<p>Ocurri\u00f3 en la localidad de Villa Berthet, provincia de Chaco. \u201cNo hay mejor regalo\u201d, sostuvo&#8230;<\/p>\n","protected":false},"author":1,"featured_media":1452,"comment_status":"open","ping_status":"open","sticky":false,"template":"","format":"standard","meta":[],"categories":[1],"tags":[],"_links":{"self":[{"href":"https:\/\/neanoticias.com\/index.php\/wp-json\/wp\/v2\/posts\/1451"}],"collection":[{"href":"https:\/\/neanoticias.com\/index.php\/wp-json\/wp\/v2\/posts"}],"about":[{"href":"https:\/\/neanoticias.com\/index.php\/wp-json\/wp\/v2\/types\/post"}],"author":[{"embeddable":true,"href":"https:\/\/neanoticias.com\/index.php\/wp-json\/wp\/v2\/users\/1"}],"replies":[{"embeddable":true,"href":"https:\/\/neanoticias.com\/index.php\/wp-json\/wp\/v2\/comments?post=1451"}],"version-history":[{"count":1,"href":"https:\/\/neanoticias.com\/index.php\/wp-json\/wp\/v2\/posts\/1451\/revisions"}],"predecessor-version":[{"id":1453,"href":"https:\/\/neanoticias.com\/index.php\/wp-json\/wp\/v2\/posts\/1451\/revisions\/1453"}],"wp:featuredmedia":[{"embeddable":true,"href":"https:\/\/neanoticias.com\/index.php\/wp-json\/wp\/v2\/media\/1452"}],"wp:attachment":[{"href":"https:\/\/neanoticias.com\/index.php\/wp-json\/wp\/v2\/media?parent=1451"}],"wp:term":[{"taxonomy":"category","embeddable":true,"href":"https:\/\/neanoticias.com\/index.php\/wp-json\/wp\/v2\/categories?post=1451"},{"taxonomy":"post_tag","embeddable":true,"href":"https:\/\/neanoticias.com\/index.php\/wp-json\/wp\/v2\/tags?post=1451"}],"curies":[{"name":"wp","href":"https:\/\/api.w.org\/{rel}","templated":true}]}}