{"id":1448,"date":"2024-05-18T18:29:41","date_gmt":"2024-05-18T18:29:41","guid":{"rendered":"https:\/\/neanoticias.com\/?p=1448"},"modified":"2024-05-29T18:32:15","modified_gmt":"2024-05-29T18:32:15","slug":"detuvieron-a-un-joven-por-dispararle-a-otro-con-un-arma","status":"publish","type":"post","link":"https:\/\/neanoticias.com\/index.php\/2024\/05\/18\/detuvieron-a-un-joven-por-dispararle-a-otro-con-un-arma\/","title":{"rendered":"DETUVIERON A UN JOVEN POR DISPARARLE A OTRO CON UN ARMA"},"content":{"rendered":"\n<p>El incidente se dio en la localidad chaque\u00f1a de General San Mart\u00edn luego de que la v\u00edctima se presentara al Hospital local con heridas en la cabeza.<\/p>\n\n\n\n<figure class=\"wp-block-image size-full\"><img loading=\"lazy\" width=\"700\" height=\"480\" src=\"https:\/\/neanoticias.com\/wp-content\/uploads\/2024\/05\/105370.jpeg_nota.jpeg\" alt=\"\" class=\"wp-image-1449\" srcset=\"https:\/\/neanoticias.com\/wp-content\/uploads\/2024\/05\/105370.jpeg_nota.jpeg 700w, https:\/\/neanoticias.com\/wp-content\/uploads\/2024\/05\/105370.jpeg_nota-300x206.jpeg 300w\" sizes=\"(max-width: 700px) 100vw, 700px\" \/><\/figure>\n\n\n\n<p>Un joven fue detenido este s\u00e1bado en General San Mart\u00edn tras haberle disparado en la cabeza a otro ciudadano con un arma de fuego. El hecho tom\u00f3 relevancia luego de que la v\u00edctima de 19 a\u00f1os fuera trasladada al hospital local con heridas en el cuero cabelludo.<\/p>\n\n\n\n<p>Seg\u00fan informaci\u00f3n policial, el incidente habr\u00eda sucedido en una vivienda ubicada cerca de la Ruta Provincial N\u00ba 3. All\u00ed, las autoridades encontraron un rev\u00f3lver calibre 22 con 8 cartuchos y una vaina servida, presumiblemente utilizada en el caso.<\/p>\n\n\n\n<p>Luego de labrar un acta y establecer tareas de investigaci\u00f3n, los efectivos dieron con el presunto autor del hecho en el barrio 315 viviendas. Una vez en el lugar, los agentes aprehendieron a un joven de 18 a\u00f1os cuyas caracter\u00edsticas f\u00edsicas y vestimenta coincid\u00edan con las denunciadas.<\/p>\n\n\n\n<p>La Fiscal\u00eda N\u00b0 2 dispuso que el detenido fuera notificado de su aprehensi\u00f3n por la causa de supuestas lesiones con arma de fuego y orden\u00f3 el secuestro de sus prendas de vestir para an\u00e1lisis bal\u00edstico.<a href=\"https:\/\/www.radiosudamericana.com\/notix\/multimedia\/imagenes\/fotos\/2024-05-18\/280122.jpeg\"><\/a><\/p>\n","protected":false},"excerpt":{"rendered":"<p>El incidente se dio en la localidad chaque\u00f1a de General San Mart\u00edn luego de que&#8230;<\/p>\n","protected":false},"author":1,"featured_media":1449,"comment_status":"open","ping_status":"open","sticky":false,"template":"","format":"standard","meta":[],"categories":[1],"tags":[],"_links":{"self":[{"href":"https:\/\/neanoticias.com\/index.php\/wp-json\/wp\/v2\/posts\/1448"}],"collection":[{"href":"https:\/\/neanoticias.com\/index.php\/wp-json\/wp\/v2\/posts"}],"about":[{"href":"https:\/\/neanoticias.com\/index.php\/wp-json\/wp\/v2\/types\/post"}],"author":[{"embeddable":true,"href":"https:\/\/neanoticias.com\/index.php\/wp-json\/wp\/v2\/users\/1"}],"replies":[{"embeddable":true,"href":"https:\/\/neanoticias.com\/index.php\/wp-json\/wp\/v2\/comments?post=1448"}],"version-history":[{"count":1,"href":"https:\/\/neanoticias.com\/index.php\/wp-json\/wp\/v2\/posts\/1448\/revisions"}],"predecessor-version":[{"id":1450,"href":"https:\/\/neanoticias.com\/index.php\/wp-json\/wp\/v2\/posts\/1448\/revisions\/1450"}],"wp:featuredmedia":[{"embeddable":true,"href":"https:\/\/neanoticias.com\/index.php\/wp-json\/wp\/v2\/media\/1449"}],"wp:attachment":[{"href":"https:\/\/neanoticias.com\/index.php\/wp-json\/wp\/v2\/media?parent=1448"}],"wp:term":[{"taxonomy":"category","embeddable":true,"href":"https:\/\/neanoticias.com\/index.php\/wp-json\/wp\/v2\/categories?post=1448"},{"taxonomy":"post_tag","embeddable":true,"href":"https:\/\/neanoticias.com\/index.php\/wp-json\/wp\/v2\/tags?post=1448"}],"curies":[{"name":"wp","href":"https:\/\/api.w.org\/{rel}","templated":true}]}}