{"id":1445,"date":"2024-05-20T18:25:00","date_gmt":"2024-05-20T18:25:00","guid":{"rendered":"https:\/\/neanoticias.com\/?p=1445"},"modified":"2024-05-29T18:25:21","modified_gmt":"2024-05-29T18:25:21","slug":"tassano-consolida-la-ciudad-de-eventos","status":"publish","type":"post","link":"https:\/\/neanoticias.com\/index.php\/2024\/05\/20\/tassano-consolida-la-ciudad-de-eventos\/","title":{"rendered":"TASSANO CONSOLIDA LA CIUDAD DE EVENTOS"},"content":{"rendered":"\n<p><em>El intendente particip\u00f3 del desfile de motocicletas Distinguished Gentleman&#8217;s Ride (DGR) y la Feria K-Anime, compartiendo el domingo con la juventud y la cultura coreana y concientizando sobre el cuidado de salud de los hombres. Resalt\u00f3 la importancia afianzar una ciudad de eventos. Ambas actividades contaron con gran presencia de p\u00fablico.<\/em><\/p>\n\n\n\n<figure class=\"wp-block-image size-large\"><img loading=\"lazy\" width=\"1024\" height=\"678\" src=\"https:\/\/neanoticias.com\/wp-content\/uploads\/2024\/05\/9ab56193-095b-322f-d9b7-39f29c68f1f4-1024x678.jpeg\" alt=\"\" class=\"wp-image-1446\" srcset=\"https:\/\/neanoticias.com\/wp-content\/uploads\/2024\/05\/9ab56193-095b-322f-d9b7-39f29c68f1f4-1024x678.jpeg 1024w, https:\/\/neanoticias.com\/wp-content\/uploads\/2024\/05\/9ab56193-095b-322f-d9b7-39f29c68f1f4-300x199.jpeg 300w, https:\/\/neanoticias.com\/wp-content\/uploads\/2024\/05\/9ab56193-095b-322f-d9b7-39f29c68f1f4-768x509.jpeg 768w, https:\/\/neanoticias.com\/wp-content\/uploads\/2024\/05\/9ab56193-095b-322f-d9b7-39f29c68f1f4.jpeg 1280w\" sizes=\"(max-width: 1024px) 100vw, 1024px\" \/><\/figure>\n\n\n\n<p>Durante el fin de semana, el intendente Eduardo Tassano particip\u00f3 de la agenda cultural y art\u00edstica que se llev\u00f3 adelante en los diferentes puntos de la ciudad.<br>En la oportunidad, desde las escalinatas del Teatro Vera se concret\u00f3 el desfile de motocicletas Distinguished Gentleman&#8217;s Ride (DGR). El mismo forma parte de un evento mundial que tiene como objetivo recaudar fondos y concientizar sobre tem\u00e1ticas de la salud masculina.<br>En tanto, este domingo en la zona del pilet\u00f3n del parque Camba Cu\u00e1 se desarroll\u00f3 la Feria K- Anime. La actividad cont\u00f3 con un concurso de Fandancer: dance covers, trivias Kpop, randomplay dance y pasarela cosplay adultos. Adem\u00e1s, se proyectaron mvs y trivias relacionadas al Minecraft con la presencia de&nbsp;streamers famosos.&nbsp;<\/p>\n\n\n\n<p>En ambas actividades se cont\u00f3 con un gran acompa\u00f1amiento de los vecinos y turistas que se sumaron a las propuestas culturales y art\u00edsticas que encara la Municipalidad.<\/p>\n","protected":false},"excerpt":{"rendered":"<p>El intendente particip\u00f3 del desfile de motocicletas Distinguished Gentleman&#8217;s Ride (DGR) y la Feria K-Anime,&#8230;<\/p>\n","protected":false},"author":1,"featured_media":1446,"comment_status":"open","ping_status":"open","sticky":false,"template":"","format":"standard","meta":[],"categories":[1],"tags":[],"_links":{"self":[{"href":"https:\/\/neanoticias.com\/index.php\/wp-json\/wp\/v2\/posts\/1445"}],"collection":[{"href":"https:\/\/neanoticias.com\/index.php\/wp-json\/wp\/v2\/posts"}],"about":[{"href":"https:\/\/neanoticias.com\/index.php\/wp-json\/wp\/v2\/types\/post"}],"author":[{"embeddable":true,"href":"https:\/\/neanoticias.com\/index.php\/wp-json\/wp\/v2\/users\/1"}],"replies":[{"embeddable":true,"href":"https:\/\/neanoticias.com\/index.php\/wp-json\/wp\/v2\/comments?post=1445"}],"version-history":[{"count":1,"href":"https:\/\/neanoticias.com\/index.php\/wp-json\/wp\/v2\/posts\/1445\/revisions"}],"predecessor-version":[{"id":1447,"href":"https:\/\/neanoticias.com\/index.php\/wp-json\/wp\/v2\/posts\/1445\/revisions\/1447"}],"wp:featuredmedia":[{"embeddable":true,"href":"https:\/\/neanoticias.com\/index.php\/wp-json\/wp\/v2\/media\/1446"}],"wp:attachment":[{"href":"https:\/\/neanoticias.com\/index.php\/wp-json\/wp\/v2\/media?parent=1445"}],"wp:term":[{"taxonomy":"category","embeddable":true,"href":"https:\/\/neanoticias.com\/index.php\/wp-json\/wp\/v2\/categories?post=1445"},{"taxonomy":"post_tag","embeddable":true,"href":"https:\/\/neanoticias.com\/index.php\/wp-json\/wp\/v2\/tags?post=1445"}],"curies":[{"name":"wp","href":"https:\/\/api.w.org\/{rel}","templated":true}]}}