{"id":1442,"date":"2024-05-20T18:23:09","date_gmt":"2024-05-20T18:23:09","guid":{"rendered":"https:\/\/neanoticias.com\/?p=1442"},"modified":"2024-05-29T18:25:30","modified_gmt":"2024-05-29T18:25:30","slug":"poder-de-compra-que-productos-dejaron-de-consumir-los-argentinos","status":"publish","type":"post","link":"https:\/\/neanoticias.com\/index.php\/2024\/05\/20\/poder-de-compra-que-productos-dejaron-de-consumir-los-argentinos\/","title":{"rendered":"PODER DE COMPRA: QU\u00c9 PRODUCTOS DEJARON DE CONSUMIR LOS ARGENTINOS"},"content":{"rendered":"\n<p>El economista Fernando Moiguer, CEO de Moiguer Consultora de Estrategia, dialog\u00f3 con Sudamericana sobre el fuerte cambio de tendencia registrado en los \u00faltimos meses y anticip\u00f3 qu\u00e9 puede pasar el resto del a\u00f1o a partir de las \u00faltimas medidas econ\u00f3micas.<\/p>\n\n\n\n<figure class=\"wp-block-image size-full\"><img loading=\"lazy\" width=\"700\" height=\"393\" src=\"https:\/\/neanoticias.com\/wp-content\/uploads\/2024\/05\/667954.jpg_nota.jpg\" alt=\"\" class=\"wp-image-1443\" srcset=\"https:\/\/neanoticias.com\/wp-content\/uploads\/2024\/05\/667954.jpg_nota.jpg 700w, https:\/\/neanoticias.com\/wp-content\/uploads\/2024\/05\/667954.jpg_nota-300x168.jpg 300w\" sizes=\"(max-width: 700px) 100vw, 700px\" \/><\/figure>\n\n\n\n<p>El economista Fernando Moiguer, CEO de Moiguer Consultora de Estrategia, en contacto con este medio, se refiri\u00f3 al consumo en Argentina en un a\u00f1o surcado por cambios econ\u00f3micos y ajustes a la clase media. El especialista detall\u00f3 que la clase media afronta un proceso muy intenso de ajuste que no para. \u201cNo termina porque por m\u00e1s que la inflaci\u00f3n disminuye, el&nbsp;<strong>poder adquisitivo de la clase media no se ha recuperado\u201d<\/strong>.<\/p>\n\n\n\n<p>Moiguer afirm\u00f3 que todos los sectores est\u00e1n fuertemente afectados por la recesi\u00f3n: \u201cSacan del canuto para sobrevivir,<strong>\u00a0ajusta su consumo y pero a la vez, espera, esperanzada,<\/strong>\u00a0que alguien desarme este modelo de pa\u00eds y pueda vislumbrar otra perspectiva que a\u00fan no se ve\u201d.<\/p>\n\n\n\n<p>Seg\u00fan el an\u00e1lisis de la consultora, las 12 reducciones que aplicaron los argentinos en su consumo tienen que ver con cuestiones prescindibles o b\u00e1sicas, pero que en todos casos son este porcentaje que ronda el 80% hasta el 30%. Seg\u00fan las mediciones de la firma, el 87% redujo tomarse un uber o remis, el 83% un caf\u00e9 o helados, el 84% el consumo de golosinas, el 82% salidas en pareja o familiares, el 81% hacer asados, el 78% el consumo de bebidas alcoh\u00f3licas.<\/p>\n\n\n\n<p>A su vez, el 56% dej\u00f3 las plataformas de streaming, el 40% renunci\u00f3 a la medicina prepaga y compra de medicamentos con recetas, el 61% renunci\u00f3 al uso del autom\u00f3vil y motos, el 48% redujo los servicios de celular y el 32%, de internet en el hogar. \u201cEsto habla de c\u00f3mo no nos alcanza el dinero\u201d, afirm\u00f3.<\/p>\n\n\n\n<p>En cuanto a la aceptaci\u00f3n social de estas medidas de ajuste que impactan directamente en la sociedad argentina, Moiguer afirm\u00f3 que el capital pol\u00edtico del presidente Javier Milei est\u00e1 articulado con varias cuestiones: \u201cLo que Milei mantiene es que sostiene es que est\u00e1 desarmando un modelo que para&nbsp;<strong>toda la sociedad no funcionaba m\u00e1s<\/strong>; eso le permite que la gente se ajuste y a\u00fan no sostenga\u201d.<\/p>\n\n\n\n<p>De todas maneras, \u201cel temor a perder el empleo en los pr\u00f3ximos seis meses ya llega al 37% a nivel nacional\u201d.\u00a0 Ahora, \u201chay un malestar de presente y un temor de futuro\u201d, por ese mismo motivo el gobierno habiendo le\u00eddo estas mismas cosas est\u00e1 intentando aflojar el ajuste que ha sido para que \u201cla gente tenga un poquito m\u00e1s de aire, vamos a ver si lo logra\u201d.<\/p>\n\n\n\n<p>Moiguer afirm\u00f3 que \u201cestamos en el medio de un proceso de transformaci\u00f3n, pero no est\u00e1 claro, a qu\u00e9 modelo vamos a transformar\u201d. Es decir, \u201chay un buen proyecto de c\u00f3mo se desarma ese estado que no daba aire para seguir avanzando y que los \u00faltimos 12 a\u00f1os el pa\u00eds no creci\u00f3, pero no aparece un modelo productivo alternativo, entonces estamos desarmando, pero no se ve qu\u00e9 se va a construir a continuaci\u00f3n\u201d Desde esta perspectiva, el especialista se\u00f1al\u00f3 que se necesita de&nbsp;<strong>un modelo productivo para insertar<\/strong>, el cual a\u00fan no se ve.<\/p>\n\n\n\n<p>Se\u00f1al\u00f3 que el proceso de ajuste para la clase media demandar\u00e1 \u201cun rato largo\u201d y que para definir estas cuestiones, podr\u00eda pasar cuanto menos un a\u00f1o.<\/p>\n","protected":false},"excerpt":{"rendered":"<p>El economista Fernando Moiguer, CEO de Moiguer Consultora de Estrategia, dialog\u00f3 con Sudamericana sobre el&#8230;<\/p>\n","protected":false},"author":1,"featured_media":1443,"comment_status":"open","ping_status":"open","sticky":false,"template":"","format":"standard","meta":[],"categories":[1],"tags":[],"_links":{"self":[{"href":"https:\/\/neanoticias.com\/index.php\/wp-json\/wp\/v2\/posts\/1442"}],"collection":[{"href":"https:\/\/neanoticias.com\/index.php\/wp-json\/wp\/v2\/posts"}],"about":[{"href":"https:\/\/neanoticias.com\/index.php\/wp-json\/wp\/v2\/types\/post"}],"author":[{"embeddable":true,"href":"https:\/\/neanoticias.com\/index.php\/wp-json\/wp\/v2\/users\/1"}],"replies":[{"embeddable":true,"href":"https:\/\/neanoticias.com\/index.php\/wp-json\/wp\/v2\/comments?post=1442"}],"version-history":[{"count":1,"href":"https:\/\/neanoticias.com\/index.php\/wp-json\/wp\/v2\/posts\/1442\/revisions"}],"predecessor-version":[{"id":1444,"href":"https:\/\/neanoticias.com\/index.php\/wp-json\/wp\/v2\/posts\/1442\/revisions\/1444"}],"wp:featuredmedia":[{"embeddable":true,"href":"https:\/\/neanoticias.com\/index.php\/wp-json\/wp\/v2\/media\/1443"}],"wp:attachment":[{"href":"https:\/\/neanoticias.com\/index.php\/wp-json\/wp\/v2\/media?parent=1442"}],"wp:term":[{"taxonomy":"category","embeddable":true,"href":"https:\/\/neanoticias.com\/index.php\/wp-json\/wp\/v2\/categories?post=1442"},{"taxonomy":"post_tag","embeddable":true,"href":"https:\/\/neanoticias.com\/index.php\/wp-json\/wp\/v2\/tags?post=1442"}],"curies":[{"name":"wp","href":"https:\/\/api.w.org\/{rel}","templated":true}]}}