{"id":1439,"date":"2024-05-20T18:22:08","date_gmt":"2024-05-20T18:22:08","guid":{"rendered":"https:\/\/neanoticias.com\/?p=1439"},"modified":"2024-05-29T18:25:40","modified_gmt":"2024-05-29T18:25:40","slug":"misiones-fracaso-la-negociacion-con-la-policia-y-sigue-la-protesta","status":"publish","type":"post","link":"https:\/\/neanoticias.com\/index.php\/2024\/05\/20\/misiones-fracaso-la-negociacion-con-la-policia-y-sigue-la-protesta\/","title":{"rendered":"MISIONES: FRACAS\u00d3 LA NEGOCIACI\u00d3N CON LA POLIC\u00cdA Y SIGUE LA PROTESTA"},"content":{"rendered":"\n<p>Seg\u00fan indicaron los efectivos, la oferta no alcanza a satisfacer las demandas de los polic\u00edas activos, retirados y del personal penitenciario. \u201cLa propuesta es irrisoria\u201d, manifest\u00f3 el vocero.<\/p>\n\n\n\n<figure class=\"wp-block-image size-full\"><img loading=\"lazy\" width=\"700\" height=\"391\" src=\"https:\/\/neanoticias.com\/wp-content\/uploads\/2024\/05\/485249.png_nota.jpg\" alt=\"\" class=\"wp-image-1440\" srcset=\"https:\/\/neanoticias.com\/wp-content\/uploads\/2024\/05\/485249.png_nota.jpg 700w, https:\/\/neanoticias.com\/wp-content\/uploads\/2024\/05\/485249.png_nota-300x168.jpg 300w\" sizes=\"(max-width: 700px) 100vw, 700px\" \/><\/figure>\n\n\n\n<p>En medio de la fuerte tensi\u00f3n,&nbsp;fracas\u00f3 la negociaci\u00f3n&nbsp;salarial entre el&nbsp;gobierno de Misiones y la Polic\u00eda,&nbsp;y&nbsp;la protesta seguir\u00e1&nbsp;de forma indefinida.<\/p>\n\n\n\n<p>Los efectivos se reunieron con el ministro Coordinador del Gabinete, Ricardo Llera, pero aseguran que la oferta no alcanza a satisfacer las demandas de los polic\u00edas activos, retirados y del personal penitenciario, quienes&nbsp;contin\u00faan exigiendo un incremento mayor.<\/p>\n\n\n\n<p>\u201cLa propuesta es irrisoria,&nbsp;no han mejorado nada. No hubo acuerdo y no va a haber acuerdo porque&nbsp;no hay voluntad pol\u00edtica de resolver esto\u201d, expres\u00f3 en conferencia de prensa&nbsp;Ram\u00f3n Amarilla, vocero de la polic\u00eda misionera.<\/p>\n\n\n\n<p>En ese sentido, se\u00f1al\u00f3: \u201cAc\u00e1 se viene algo muy grave. Todos los sectores est\u00e1n reclamando, nosotros no somos la opci\u00f3n.&nbsp;Es una verg\u00fcenza lo que nos vinieron a ofrecer.&nbsp;No se asemeja ni a lo que verdaderamente un agente de polic\u00eda para pasar la l\u00ednea de pobreza\u201d.<\/p>\n\n\n\n<p>De esta manera, confirm\u00f3 que continuar\u00e1n con las medidas de fuerza: \u201cSeguimos el acampe y vamos a ir hasta las \u00faltimas consecuencias\u201d.<\/p>\n\n\n\n<p>Asimismo, sostuvo: \u201cLas negociaciones siempre estuvieron cortadas. Tuvimos que estar ocho d\u00edas ah\u00ed para que nos atiendan. Este gobernador hab\u00eda destruido la mesa de di\u00e1logo porque&nbsp;no quieren escuchar la verdad\u201d.<\/p>\n\n\n\n<p>\u201cEstamos esperando que (el Gobierno) tome consciencia. Se les plante\u00f3 todo lo que puede suceder, esto va a estar muy jodido\u201d, advirti\u00f3 Amarilla.<\/p>\n\n\n\n<p><strong>Contin\u00faan la protesta de la Polic\u00eda en Misiones<\/strong><\/p>\n\n\n\n<p>En los \u00faltimos d\u00edas, el Gobierno nacional convoc\u00f3 a un&nbsp;Comit\u00e9 de Crisis&nbsp;presidido por la ministra de Seguridad,&nbsp;Patricia Bullrich, y copresidido por el gobernador de la provincia,&nbsp;Hugo Passalacqua.<\/p>\n\n\n\n<p>La periodista local Mar\u00eda Bel\u00e9n Rol\u00f3n inform\u00f3 a\u00a0TN\u00a0que la intenci\u00f3n de los polic\u00edas es estar abiertos al di\u00e1logo, pero con garant\u00edas de por medio.\u00a0\u201cEn 2012 hubo un acuartelamiento,\u00a0arreglaron los salarios y a los cuatro o cinco meses comenzaron a separar a los efectivos que estuvieron involucrados\u201d, explic\u00f3.<\/p>\n\n\n\n<p>Seg\u00fan mencion\u00f3 Marcelo Almada, periodista de&nbsp;Misiones Online,&nbsp;los efectivos policiales piden una amnist\u00eda por el presunto robo de bienes del Estado. \u201cSe han llevado desde patrulleros hasta equipos de comunicaci\u00f3n. Sacaron cosas indebidas y hay 30 causas penales\u201d, inform\u00f3.<\/p>\n\n\n\n<p>\u201cEl viernes hubo 30 comisarios que fueron a denunciar que se hab\u00edan hurtado bienes que estaban en el piquete. Los jefes policiales dicen que no hubo tales hurto, pero la verdad es que sus propios jefes los fueron a denunciar\u201d, detall\u00f3 Almada.<\/p>\n","protected":false},"excerpt":{"rendered":"<p>Seg\u00fan indicaron los efectivos, la oferta no alcanza a satisfacer las demandas de los polic\u00edas&#8230;<\/p>\n","protected":false},"author":1,"featured_media":1440,"comment_status":"open","ping_status":"open","sticky":false,"template":"","format":"standard","meta":[],"categories":[1],"tags":[],"_links":{"self":[{"href":"https:\/\/neanoticias.com\/index.php\/wp-json\/wp\/v2\/posts\/1439"}],"collection":[{"href":"https:\/\/neanoticias.com\/index.php\/wp-json\/wp\/v2\/posts"}],"about":[{"href":"https:\/\/neanoticias.com\/index.php\/wp-json\/wp\/v2\/types\/post"}],"author":[{"embeddable":true,"href":"https:\/\/neanoticias.com\/index.php\/wp-json\/wp\/v2\/users\/1"}],"replies":[{"embeddable":true,"href":"https:\/\/neanoticias.com\/index.php\/wp-json\/wp\/v2\/comments?post=1439"}],"version-history":[{"count":1,"href":"https:\/\/neanoticias.com\/index.php\/wp-json\/wp\/v2\/posts\/1439\/revisions"}],"predecessor-version":[{"id":1441,"href":"https:\/\/neanoticias.com\/index.php\/wp-json\/wp\/v2\/posts\/1439\/revisions\/1441"}],"wp:featuredmedia":[{"embeddable":true,"href":"https:\/\/neanoticias.com\/index.php\/wp-json\/wp\/v2\/media\/1440"}],"wp:attachment":[{"href":"https:\/\/neanoticias.com\/index.php\/wp-json\/wp\/v2\/media?parent=1439"}],"wp:term":[{"taxonomy":"category","embeddable":true,"href":"https:\/\/neanoticias.com\/index.php\/wp-json\/wp\/v2\/categories?post=1439"},{"taxonomy":"post_tag","embeddable":true,"href":"https:\/\/neanoticias.com\/index.php\/wp-json\/wp\/v2\/tags?post=1439"}],"curies":[{"name":"wp","href":"https:\/\/api.w.org\/{rel}","templated":true}]}}