{"id":1436,"date":"2024-05-22T18:17:52","date_gmt":"2024-05-22T18:17:52","guid":{"rendered":"https:\/\/neanoticias.com\/?p=1436"},"modified":"2024-05-29T18:18:23","modified_gmt":"2024-05-29T18:18:23","slug":"tassano-entrego-certificados-en-it-seguimos-preparando-jovenes-correntinos-para-los-trabajos-que-se-vienen","status":"publish","type":"post","link":"https:\/\/neanoticias.com\/index.php\/2024\/05\/22\/tassano-entrego-certificados-en-it-seguimos-preparando-jovenes-correntinos-para-los-trabajos-que-se-vienen\/","title":{"rendered":"TASSANO ENTREG\u00d3 CERTIFICADOS EN IT: \u201cSEGUIMOS PREPARANDO J\u00d3VENES CORRENTINOS PARA LOS TRABAJOS QUE SE VIENEN\u201d"},"content":{"rendered":"\n<p><em>El intendente particip\u00f3 del acto de entrega de 76 certificados de aprobaci\u00f3n de los cursos de la Academia IT del programa Muni Joven. La iniciativa municipal est\u00e1 destinada a formar a j\u00f3venes correntinos de 18 a 26 a\u00f1os en tecnolog\u00eda, programaci\u00f3n y mundo software.<\/em><\/p>\n\n\n\n<figure class=\"wp-block-image size-large\"><img loading=\"lazy\" width=\"1024\" height=\"682\" src=\"https:\/\/neanoticias.com\/wp-content\/uploads\/2024\/05\/d36f5824-18f1-1eed-e949-57bd243a97b9-1024x682.jpg\" alt=\"\" class=\"wp-image-1437\" srcset=\"https:\/\/neanoticias.com\/wp-content\/uploads\/2024\/05\/d36f5824-18f1-1eed-e949-57bd243a97b9-1024x682.jpg 1024w, https:\/\/neanoticias.com\/wp-content\/uploads\/2024\/05\/d36f5824-18f1-1eed-e949-57bd243a97b9-300x200.jpg 300w, https:\/\/neanoticias.com\/wp-content\/uploads\/2024\/05\/d36f5824-18f1-1eed-e949-57bd243a97b9-768x512.jpg 768w, https:\/\/neanoticias.com\/wp-content\/uploads\/2024\/05\/d36f5824-18f1-1eed-e949-57bd243a97b9.jpg 1280w\" sizes=\"(max-width: 1024px) 100vw, 1024px\" \/><\/figure>\n\n\n\n<p>El intendente Eduardo Tassano encabez\u00f3 la entrega de certificados del programa Academia IT Muni Joven donde 76 j\u00f3venes concluyeron su formaci\u00f3n en habilidades t\u00e9cnicas y blandas bajo el lenguaje de programaci\u00f3n.<br>De esta manera, la Municipalidad contin\u00faa generando mayores oportunidades para que los j\u00f3venes de Corrientes puedan insertarse al mundo tecnol\u00f3gico, est\u00e9n preparados para el mercado digital, sean mundialmente competitivos y \u2013a la vez- puedan desarrollarse profesionalmente en su ciudad, sin tener que emigrar.<br>Los requisitos para cursar es tener entre 18 y 35 a\u00f1os, secundario completo, disponer de una computadora con acceso a internet, y contar con domicilio o residir en la capital correntina.<br>\u00a0<br>APUESTA A LOS J\u00d3VENES<br>\u201cTrabajamos en la capacitaci\u00f3n para los j\u00f3venes de toda la ciudad y hoy celebramos 76 nuevos correntinos preparados para este mundo de tecnolog\u00eda\u201d, indic\u00f3 Tassano tras el acto desarrollado en la tarde de este martes y argument\u00f3 que \u201ctenemos chicos de muchas carreras que vienen ac\u00e1 a mejorar sus cualidades tecnol\u00f3gicas y a prepararse para un mundo tan cambiante. Estamos formando a nuestros j\u00f3venes para los trabajos y actividades que se necesitan y se van a necesitar\u201d<br>\u00a0<br>CAMINO AL FUTURO<br>Por su parte, el secretario de Coordinaci\u00f3n de Gobierno municipal, Hugo Calvano, ratific\u00f3 que \u201cseguimos con el rumbo de una pol\u00edtica que implementa la gesti\u00f3n de respaldar a los j\u00f3venes\u201d y agreg\u00f3 que \u201ccon estos cursos muchos terminan con empleos o emprendiendo\u201d.<br>\u201cEstos empleos son el presente y el futuro de la gesti\u00f3n\u201d, sostuvo el funcionario municipal resaltando la importancia de la propuesta.<\/p>\n","protected":false},"excerpt":{"rendered":"<p>El intendente particip\u00f3 del acto de entrega de 76 certificados de aprobaci\u00f3n de los cursos&#8230;<\/p>\n","protected":false},"author":1,"featured_media":1437,"comment_status":"open","ping_status":"open","sticky":false,"template":"","format":"standard","meta":[],"categories":[1],"tags":[],"_links":{"self":[{"href":"https:\/\/neanoticias.com\/index.php\/wp-json\/wp\/v2\/posts\/1436"}],"collection":[{"href":"https:\/\/neanoticias.com\/index.php\/wp-json\/wp\/v2\/posts"}],"about":[{"href":"https:\/\/neanoticias.com\/index.php\/wp-json\/wp\/v2\/types\/post"}],"author":[{"embeddable":true,"href":"https:\/\/neanoticias.com\/index.php\/wp-json\/wp\/v2\/users\/1"}],"replies":[{"embeddable":true,"href":"https:\/\/neanoticias.com\/index.php\/wp-json\/wp\/v2\/comments?post=1436"}],"version-history":[{"count":1,"href":"https:\/\/neanoticias.com\/index.php\/wp-json\/wp\/v2\/posts\/1436\/revisions"}],"predecessor-version":[{"id":1438,"href":"https:\/\/neanoticias.com\/index.php\/wp-json\/wp\/v2\/posts\/1436\/revisions\/1438"}],"wp:featuredmedia":[{"embeddable":true,"href":"https:\/\/neanoticias.com\/index.php\/wp-json\/wp\/v2\/media\/1437"}],"wp:attachment":[{"href":"https:\/\/neanoticias.com\/index.php\/wp-json\/wp\/v2\/media?parent=1436"}],"wp:term":[{"taxonomy":"category","embeddable":true,"href":"https:\/\/neanoticias.com\/index.php\/wp-json\/wp\/v2\/categories?post=1436"},{"taxonomy":"post_tag","embeddable":true,"href":"https:\/\/neanoticias.com\/index.php\/wp-json\/wp\/v2\/tags?post=1436"}],"curies":[{"name":"wp","href":"https:\/\/api.w.org\/{rel}","templated":true}]}}