{"id":1433,"date":"2024-05-22T18:16:57","date_gmt":"2024-05-22T18:16:57","guid":{"rendered":"https:\/\/neanoticias.com\/?p=1433"},"modified":"2024-05-29T18:18:26","modified_gmt":"2024-05-29T18:18:26","slug":"para-el-gobierno-la-suba-del-dolar-no-incidira-en-los-precios","status":"publish","type":"post","link":"https:\/\/neanoticias.com\/index.php\/2024\/05\/22\/para-el-gobierno-la-suba-del-dolar-no-incidira-en-los-precios\/","title":{"rendered":"PARA EL GOBIERNO, LA SUBA DEL D\u00d3LAR NO INCIDIR\u00c1 EN LOS PRECIOS"},"content":{"rendered":"\n<p>El vocero presidencial asegur\u00f3 que &#8220;no hay raz\u00f3n alguna&#8221; para que eso ocurra y remarc\u00f3 que la gesti\u00f3n de Javier Milei no intervendr\u00e1 en el mercado.<\/p>\n\n\n\n<figure class=\"wp-block-image size-full\"><img loading=\"lazy\" width=\"700\" height=\"529\" src=\"https:\/\/neanoticias.com\/wp-content\/uploads\/2024\/05\/372556.jpg_nota.jpg\" alt=\"\" class=\"wp-image-1434\" srcset=\"https:\/\/neanoticias.com\/wp-content\/uploads\/2024\/05\/372556.jpg_nota.jpg 700w, https:\/\/neanoticias.com\/wp-content\/uploads\/2024\/05\/372556.jpg_nota-300x227.jpg 300w\" sizes=\"(max-width: 700px) 100vw, 700px\" \/><\/figure>\n\n\n\n<p>Este mi\u00e9rcoles en su habitual conferencia de prensa&nbsp;el vocero presidencial, Manuel Adorni, descart\u00f3 que la suba del d\u00f3lar blue tenga incidencia en los precios, y como consecuencia, en la inflaci\u00f3n.<\/p>\n\n\n\n<p>El precio del d\u00f3lar paralelo aument\u00f3 el martes un total de 50 pesos y cerr\u00f3 a $1230, profundizando la brecha con el d\u00f3lar oficial. Al respecto\u00a0Adorni asegur\u00f3 que &#8220;no hay raz\u00f3n alguna&#8221; para que ese aumento se traslade a los precios de los bienes y descart\u00f3 cualquier posible intervenci\u00f3n del gobierno en el mercado.<\/p>\n\n\n\n<p>&#8220;El d\u00f3lar es un precio m\u00e1s de la econom\u00eda&#8221;, se\u00f1al\u00f3 Adorni, quien detall\u00f3 la explicaci\u00f3n del gobierno ante la suba del d\u00f3lar: &#8220;Nosotros siempre decimos que depende del per\u00edodo de an\u00e1lisis. Si te extend\u00e9s algunas semanas m\u00e1s, ese an\u00e1lisis empieza a caer. La cotizaci\u00f3n del blue estuvo sin variaci\u00f3n durante mucho tiempo&#8221;, remarc\u00f3.<\/p>\n\n\n\n<p>En ese sentido, indic\u00f3 que&nbsp;&#8220;no hay raz\u00f3n alguna para que esa suba tenga una implicancia en precios, m\u00e1s all\u00e1 del problema inflacionario que estamos viviendo&nbsp;por los desajustes monetarios y fiscales que hubo. No tiene absolutamente nada que ver una cosa con la otra&#8221;.<\/p>\n\n\n\n<p>Adem\u00e1s, remarc\u00f3 que el d\u00f3lar &#8220;no es m\u00e1s que un bien que pod\u00e9s adquirir en el supermercado o un servicio, en este caso el d\u00f3lar es un activo financiero, por lo que puede tener una reacci\u00f3n diferente, con otra velocidad que la que pueden tener otros bienes&#8221;.<\/p>\n\n\n\n<h2><strong>Conflictos en Misiones<\/strong><\/h2>\n\n\n\n<p>Adem\u00e1s,&nbsp;Adorni se refiri\u00f3 a las protestas de docentes y polic\u00edas que contin\u00faan en la provincia de Misiones por aumentos salariales. En ese contexto, el Gobierno nacional defini\u00f3 el conflicto como un tema provincial y pidi\u00f3 a las provincias ajustar sus cuentas p\u00fablicas. &#8220;Nuestros gastos se han ajustado bastante&#8221;, se\u00f1al\u00f3 Adorni.<\/p>\n\n\n\n<p>&#8220;Las provincias deben ajustarse para equilibrar sus cuentas&#8221;, agreg\u00f3 el vocero quien, al ser consultado sobre una posible expansi\u00f3n del conflicto a otras provincias, asegur\u00f3: &#8220;La inflaci\u00f3n no es un tema que solo ata\u00f1e a Misiones, no es una cuesti\u00f3n focalizada. Este es un tema que va a resolver Misiones, es un tema de jurisdicci\u00f3n provincial&#8221;.<\/p>\n","protected":false},"excerpt":{"rendered":"<p>El vocero presidencial asegur\u00f3 que &#8220;no hay raz\u00f3n alguna&#8221; para que eso ocurra y remarc\u00f3&#8230;<\/p>\n","protected":false},"author":1,"featured_media":1434,"comment_status":"open","ping_status":"open","sticky":false,"template":"","format":"standard","meta":[],"categories":[1],"tags":[],"_links":{"self":[{"href":"https:\/\/neanoticias.com\/index.php\/wp-json\/wp\/v2\/posts\/1433"}],"collection":[{"href":"https:\/\/neanoticias.com\/index.php\/wp-json\/wp\/v2\/posts"}],"about":[{"href":"https:\/\/neanoticias.com\/index.php\/wp-json\/wp\/v2\/types\/post"}],"author":[{"embeddable":true,"href":"https:\/\/neanoticias.com\/index.php\/wp-json\/wp\/v2\/users\/1"}],"replies":[{"embeddable":true,"href":"https:\/\/neanoticias.com\/index.php\/wp-json\/wp\/v2\/comments?post=1433"}],"version-history":[{"count":1,"href":"https:\/\/neanoticias.com\/index.php\/wp-json\/wp\/v2\/posts\/1433\/revisions"}],"predecessor-version":[{"id":1435,"href":"https:\/\/neanoticias.com\/index.php\/wp-json\/wp\/v2\/posts\/1433\/revisions\/1435"}],"wp:featuredmedia":[{"embeddable":true,"href":"https:\/\/neanoticias.com\/index.php\/wp-json\/wp\/v2\/media\/1434"}],"wp:attachment":[{"href":"https:\/\/neanoticias.com\/index.php\/wp-json\/wp\/v2\/media?parent=1433"}],"wp:term":[{"taxonomy":"category","embeddable":true,"href":"https:\/\/neanoticias.com\/index.php\/wp-json\/wp\/v2\/categories?post=1433"},{"taxonomy":"post_tag","embeddable":true,"href":"https:\/\/neanoticias.com\/index.php\/wp-json\/wp\/v2\/tags?post=1433"}],"curies":[{"name":"wp","href":"https:\/\/api.w.org\/{rel}","templated":true}]}}