{"id":143,"date":"2022-09-07T15:05:29","date_gmt":"2022-09-07T15:05:29","guid":{"rendered":"https:\/\/neanoticias.com\/?p=143"},"modified":"2022-09-07T15:05:30","modified_gmt":"2022-09-07T15:05:30","slug":"coordinan-el-operativo-sanitario-para-la-peregrinacion-juvenil-a-itati","status":"publish","type":"post","link":"https:\/\/neanoticias.com\/index.php\/2022\/09\/07\/coordinan-el-operativo-sanitario-para-la-peregrinacion-juvenil-a-itati\/","title":{"rendered":"COORDINAN EL OPERATIVO SANITARIO PARA LA PEREGRINACI\u00d3N JUVENIL A ITAT\u00cd"},"content":{"rendered":"\n<p>Se llev\u00f3 a cabo la primera reuni\u00f3n entre los referentes sanitarios de las diferentes localidades por las que pasar\u00e1 la caminata de los j\u00f3venes, buscan realizar un operativo de seguridad en conjunto para resguardar a los fieles.<\/p>\n\n\n\n<p><\/p>\n\n\n\n<figure class=\"wp-block-image size-full\"><img loading=\"lazy\" width=\"850\" height=\"604\" src=\"https:\/\/neanoticias.com\/wp-content\/uploads\/2022\/09\/1248405w850h604c.jpg.webp\" alt=\"\" class=\"wp-image-144\" srcset=\"https:\/\/neanoticias.com\/wp-content\/uploads\/2022\/09\/1248405w850h604c.jpg.webp 850w, https:\/\/neanoticias.com\/wp-content\/uploads\/2022\/09\/1248405w850h604c.jpg-300x213.webp 300w, https:\/\/neanoticias.com\/wp-content\/uploads\/2022\/09\/1248405w850h604c.jpg-768x546.webp 768w\" sizes=\"(max-width: 850px) 100vw, 850px\" \/><\/figure>\n\n\n\n<p>El Ministerio de Salud P\u00fablica de la Provincia, a trav\u00e9s de la Direcci\u00f3n de Operativos Sanitarios, directores de hospitales y la Direcci\u00f3n de Operativos Sanitarios (DES 107), planifica el trabajo que se desarrollar\u00e1 por motivo de la 43\u00aa Peregrinaci\u00f3n Juvenil del NEA a Itat\u00ed, que se llevar\u00e1 a cabo el 17 y 18 de septiembre. En este marco, se realiz\u00f3 una reuni\u00f3n en la cartera sanitaria de la que participaron los directores de los hospitales de San Luis del Palmar, Paso de la Patria, San Cosme, Ramada Paso e Itat\u00ed, localidades que se encuentran entre Capital y la Bas\u00edlica.<\/p>\n\n\n\n<p>&#8220;Como todos los a\u00f1os, el Arzobispado de Corrientes pidi\u00f3 colaboraci\u00f3n al Ministerio de Salud P\u00fablica, as\u00ed que nos reunimos para coordinar y armar el dispositivo de salud que se va a implementar&#8221;, dijo el director de Operativos Sanitarios, Eduardo Farizano, tras la reuni\u00f3n llevada a cabo en la Sala de Situaciones del Ministerio de Salud P\u00fablica de la Provincia.<\/p>\n\n\n\n<p>&#8220;El operativo iniciar\u00e1 pasando el ingreso a Santa Ana, por motivo de las obras que se llevan a cabo sobre la Ruta Nacional (RN) N\u00b012 y hoy coordinamos todo lo que necesitaremos, como insumos hospitalarios, veh\u00edculos afectados, combustible, raciones, personal que se va a disponer y los refuerzos de personal para el Hospital de Itat\u00ed&#8221;, explic\u00f3.<\/p>\n\n\n\n<p>Adelant\u00f3 que &#8220;el viernes participaremos de una nueva reuni\u00f3n. Esta vez con las distintas fuerzas de seguridad en Itat\u00ed, donde presentaremos un informe del operativo que hemos planificado&#8221;.<\/p>\n\n\n\n<p>El funcionario dijo que habr\u00e1 entre &#8220;60 y 70 personas sobre ruta que estar\u00e1n afectadas al operativo, m\u00e1s el personal hospitalario de las distintas localidades y 20 veh\u00edculos&#8221;.<\/p>\n\n\n\n<h2>Regreso a la peregrinaci\u00f3n<\/h2>\n\n\n\n<p>Tras un receso forzoso debido a la pandemia por el virus SARS-CoV-2, la edici\u00f3n n\u00famero 43 de la tradicional peregrinaci\u00f3n de los j\u00f3venes se realizar\u00e1 con un importante operativo conjunto, por ello estas semanas habr\u00e1 reuniones entre los diferentes cuerpos sanitarios de las localidades de Capital hasta la Casa de Mar\u00eda.<\/p>\n\n\n\n<p>La quinta ola que atravesamos con un &#8220;coletazo&#8221; las semanas atr\u00e1s, se ha reducido en la cantidad de activos y casos diarios, lo que hace que se pueda llevar adelante una de las manifestaciones de fe m\u00e1s importante de la regi\u00f3n.<\/p>\n\n\n\n<p>Cabe recordar que para el inicio de la primavera, la Provincia junto con el \u00e1rea de Salud decidieron que la utilizaci\u00f3n del barbijo ser\u00e1 optativo para aquellas personas que lo deseen utilizar en cualquier \u00e1mbito, ya sea en lugares abiertos o cerrados, el que desee lo podr\u00e1 seguir usando. Sin embargo, destacaron que continuar\u00e1n con la vigilancia epidemiol\u00f3gica para evitar alg\u00fan brote del virus que azota al mundo.<\/p>\n\n\n\n<h2>Los j\u00f3venes vuelven a caminar<\/h2>\n\n\n\n<p>Las restricciones impuestas por la pandemia del coronavirus el a\u00f1o pasado impidieron a todos caminar a los pies de Mar\u00eda, por tal motivo en 2021 no se pudo realizar de modo presencial la Peregrinaci\u00f3n Juvenil del NEA a la Bas\u00edlica de Itat\u00ed. Sin embargo, los j\u00f3venes dirigieron el coraz\u00f3n hacia la casa de la Tierna Madre de manera virtual.<\/p>\n\n\n\n<p>En cada una de las diez di\u00f3cesis de la regi\u00f3n, se organizaron diversas actividades para ese fin de semana del 18 y 19 de septiembre de 2021. Como todos los a\u00f1os, contaron con material de preparaci\u00f3n espiritual.<\/p>\n\n\n\n<p>En esta oportunidad, las condiciones sanitarias son mejores y por tal motivo se llevar\u00e1 a cabo dicha caminata a Itat\u00ed, pero con las debidas medidas sanitarias que se resolvieron en la reuni\u00f3n llevada a cabo en la sala de Situaciones del Ministerio de Educaci\u00f3n de la Provincia .<\/p>\n\n\n\n<p><\/p>\n","protected":false},"excerpt":{"rendered":"<p>Se llev\u00f3 a cabo la primera reuni\u00f3n entre los referentes sanitarios de las diferentes localidades&#8230;<\/p>\n","protected":false},"author":1,"featured_media":144,"comment_status":"open","ping_status":"open","sticky":false,"template":"","format":"standard","meta":[],"categories":[1],"tags":[],"_links":{"self":[{"href":"https:\/\/neanoticias.com\/index.php\/wp-json\/wp\/v2\/posts\/143"}],"collection":[{"href":"https:\/\/neanoticias.com\/index.php\/wp-json\/wp\/v2\/posts"}],"about":[{"href":"https:\/\/neanoticias.com\/index.php\/wp-json\/wp\/v2\/types\/post"}],"author":[{"embeddable":true,"href":"https:\/\/neanoticias.com\/index.php\/wp-json\/wp\/v2\/users\/1"}],"replies":[{"embeddable":true,"href":"https:\/\/neanoticias.com\/index.php\/wp-json\/wp\/v2\/comments?post=143"}],"version-history":[{"count":1,"href":"https:\/\/neanoticias.com\/index.php\/wp-json\/wp\/v2\/posts\/143\/revisions"}],"predecessor-version":[{"id":145,"href":"https:\/\/neanoticias.com\/index.php\/wp-json\/wp\/v2\/posts\/143\/revisions\/145"}],"wp:featuredmedia":[{"embeddable":true,"href":"https:\/\/neanoticias.com\/index.php\/wp-json\/wp\/v2\/media\/144"}],"wp:attachment":[{"href":"https:\/\/neanoticias.com\/index.php\/wp-json\/wp\/v2\/media?parent=143"}],"wp:term":[{"taxonomy":"category","embeddable":true,"href":"https:\/\/neanoticias.com\/index.php\/wp-json\/wp\/v2\/categories?post=143"},{"taxonomy":"post_tag","embeddable":true,"href":"https:\/\/neanoticias.com\/index.php\/wp-json\/wp\/v2\/tags?post=143"}],"curies":[{"name":"wp","href":"https:\/\/api.w.org\/{rel}","templated":true}]}}