{"id":1410,"date":"2024-04-20T19:29:47","date_gmt":"2024-04-20T19:29:47","guid":{"rendered":"https:\/\/neanoticias.com\/?p=1410"},"modified":"2024-04-28T19:35:37","modified_gmt":"2024-04-28T19:35:37","slug":"vecinos-de-la-ciudad-insisten-con-obras-para-evitar-inundaciones","status":"publish","type":"post","link":"https:\/\/neanoticias.com\/index.php\/2024\/04\/20\/vecinos-de-la-ciudad-insisten-con-obras-para-evitar-inundaciones\/","title":{"rendered":"VECINOS DE LA CIUDAD INSISTEN CON OBRAS PARA EVITAR INUNDACIONES"},"content":{"rendered":"\n<p>Tanto en la periferia como en algunos sectores de las cuatro avenidas, se sienten la consecuencias de las precipitaciones. Desde el temporal del pasado 3 de marzo hay muchas personas con temor por la cantidad de agua en sus viviendas.<\/p>\n\n\n\n<figure class=\"wp-block-image size-full\"><img loading=\"lazy\" width=\"790\" height=\"565\" src=\"https:\/\/neanoticias.com\/wp-content\/uploads\/2024\/04\/1359137w790h565c.jpg.webp\" alt=\"\" class=\"wp-image-1411\" srcset=\"https:\/\/neanoticias.com\/wp-content\/uploads\/2024\/04\/1359137w790h565c.jpg.webp 790w, https:\/\/neanoticias.com\/wp-content\/uploads\/2024\/04\/1359137w790h565c.jpg-300x215.webp 300w, https:\/\/neanoticias.com\/wp-content\/uploads\/2024\/04\/1359137w790h565c.jpg-768x549.webp 768w\" sizes=\"(max-width: 790px) 100vw, 790px\" \/><\/figure>\n\n\n\n<p>La continuidad de las lluvias en la ciudad de Corrientes despert\u00f3 un nuevo reclamo de vecinos de los barrios Libertad y La Rozada. Luego del temporal del pasado 3 de marzo, lograron unirse para realizar una serie de reclamos en conjunto. El objetivo es la prevenci\u00f3n de inundaciones.<\/p>\n\n\n\n<p>El oto\u00f1o se presenta lluvioso. Si bien en los \u00faltimos d\u00edas no hubo precipitaciones copiosas y continuas, en algunos puntos de la capital se presentaron inconvenientes, sobre todo en la periferia y los barrios que no cuentan con asfalto.<\/p>\n\n\n\n<p>Pero no solo la periferia tiene problemas. En el barrio Libertad y la Rozada siguen los reclamos. En una nueva reuni\u00f3n comunitaria, los habitantes de los mencionados barrios de la ciudad de Corrientes expresaron su preocupaci\u00f3n ante la continua problem\u00e1tica de inundaciones los d\u00edas de lluvia.<\/p>\n\n\n\n<p>Los vecinos que se reunieron para discutir la conformaci\u00f3n formal de una comisi\u00f3n vecinal destacaron la falta de avances significativos en las obras de prevenci\u00f3n prometidas por las autoridades municipales en a\u00f1os anteriores.<\/p>\n\n\n\n<p>El reclamo se centra en la necesidad de realizar obras de envergadura para mitigar los efectos de las inundaciones recurrentes en la zona.<\/p>\n\n\n\n<p>Seg\u00fan lo expresado por los residentes, estas obras requieren la intervenci\u00f3n de ingenieros hidr\u00e1ulicos y una asignaci\u00f3n presupuestaria adecuada por la parte de las autoridades correspondientes.<\/p>\n\n\n\n<p>Funcionarios de la Municipalidad de Corrientes reconocieron la falta de presupuesto disponible para llevar a cabo estas obras, lo que gener\u00f3 preocupaci\u00f3n entre los vecinos.<\/p>\n\n\n\n<p>A pesar de la instalaci\u00f3n de algunas alcantarillas como medida paliativa, los residentes insisten en la necesidad de soluciones m\u00e1s integrales y duraderas.<\/p>\n\n\n\n<p>En este sentido, los vecinos est\u00e1n trabajando en la conformaci\u00f3n de una comisi\u00f3n con el objetivo de fortalecer su voz ante las autoridades municipales y provinciales.<\/p>\n\n\n\n<p>Asimismo, solicitaron una audiencia con el gobernador de la provincia, Gustavo Vald\u00e9s, para abordar esta problem\u00e1tica y buscar alternativas de financiamiento para las obras necesarias.<\/p>\n\n\n\n<p>Los residentes, respaldados por asesores t\u00e9cnicos, est\u00e1n decididos a seguir adelante con su reclamo hasta que se encuentre una soluci\u00f3n definitiva a esta problem\u00e1tica que afecta a toda la comunidad.<\/p>\n","protected":false},"excerpt":{"rendered":"<p>Tanto en la periferia como en algunos sectores de las cuatro avenidas, se sienten la&#8230;<\/p>\n","protected":false},"author":1,"featured_media":1411,"comment_status":"open","ping_status":"open","sticky":false,"template":"","format":"standard","meta":[],"categories":[1],"tags":[],"_links":{"self":[{"href":"https:\/\/neanoticias.com\/index.php\/wp-json\/wp\/v2\/posts\/1410"}],"collection":[{"href":"https:\/\/neanoticias.com\/index.php\/wp-json\/wp\/v2\/posts"}],"about":[{"href":"https:\/\/neanoticias.com\/index.php\/wp-json\/wp\/v2\/types\/post"}],"author":[{"embeddable":true,"href":"https:\/\/neanoticias.com\/index.php\/wp-json\/wp\/v2\/users\/1"}],"replies":[{"embeddable":true,"href":"https:\/\/neanoticias.com\/index.php\/wp-json\/wp\/v2\/comments?post=1410"}],"version-history":[{"count":1,"href":"https:\/\/neanoticias.com\/index.php\/wp-json\/wp\/v2\/posts\/1410\/revisions"}],"predecessor-version":[{"id":1412,"href":"https:\/\/neanoticias.com\/index.php\/wp-json\/wp\/v2\/posts\/1410\/revisions\/1412"}],"wp:featuredmedia":[{"embeddable":true,"href":"https:\/\/neanoticias.com\/index.php\/wp-json\/wp\/v2\/media\/1411"}],"wp:attachment":[{"href":"https:\/\/neanoticias.com\/index.php\/wp-json\/wp\/v2\/media?parent=1410"}],"wp:term":[{"taxonomy":"category","embeddable":true,"href":"https:\/\/neanoticias.com\/index.php\/wp-json\/wp\/v2\/categories?post=1410"},{"taxonomy":"post_tag","embeddable":true,"href":"https:\/\/neanoticias.com\/index.php\/wp-json\/wp\/v2\/tags?post=1410"}],"curies":[{"name":"wp","href":"https:\/\/api.w.org\/{rel}","templated":true}]}}