{"id":1407,"date":"2024-04-21T19:27:09","date_gmt":"2024-04-21T19:27:09","guid":{"rendered":"https:\/\/neanoticias.com\/?p=1407"},"modified":"2024-04-28T19:35:44","modified_gmt":"2024-04-28T19:35:44","slug":"en-laguna-brava-iniciara-este-sabado-una-nueva-temporada-de-las-maratones-barriales","status":"publish","type":"post","link":"https:\/\/neanoticias.com\/index.php\/2024\/04\/21\/en-laguna-brava-iniciara-este-sabado-una-nueva-temporada-de-las-maratones-barriales\/","title":{"rendered":"EN LAGUNA BRAVA INICIAR\u00c1 ESTE S\u00c1BADO UNA NUEVA TEMPORADA DE LAS MARATONES BARRIALES"},"content":{"rendered":"\n<p><em>Con seis fechas definidas y recorriendo diferentes zonas de la ciudad, la Municipalidad lanz\u00f3 una nueva edici\u00f3n de esta esta propuesta que buscar acercar al deporte a los vecinos de la ciudad e incentivar h\u00e1bitos saludables y compartidos en familia. Las distancias de las carreras ser\u00e1n de 2 kil\u00f3metros en su modalidad participativa y de 5 kil\u00f3metros en la competitiva.<\/em><\/p>\n\n\n\n<figure class=\"wp-block-image size-large\"><img loading=\"lazy\" width=\"1024\" height=\"682\" src=\"https:\/\/neanoticias.com\/wp-content\/uploads\/2024\/04\/cd0b8833-cd61-09cb-b047-534848b43061-1024x682.jpg\" alt=\"\" class=\"wp-image-1408\" srcset=\"https:\/\/neanoticias.com\/wp-content\/uploads\/2024\/04\/cd0b8833-cd61-09cb-b047-534848b43061-1024x682.jpg 1024w, https:\/\/neanoticias.com\/wp-content\/uploads\/2024\/04\/cd0b8833-cd61-09cb-b047-534848b43061-300x200.jpg 300w, https:\/\/neanoticias.com\/wp-content\/uploads\/2024\/04\/cd0b8833-cd61-09cb-b047-534848b43061-768x512.jpg 768w, https:\/\/neanoticias.com\/wp-content\/uploads\/2024\/04\/cd0b8833-cd61-09cb-b047-534848b43061.jpg 1280w\" sizes=\"(max-width: 1024px) 100vw, 1024px\" \/><\/figure>\n\n\n\n<p>Bajo la consigna \u201cPonete las zapatillas y vamos a correr por la ciudad\u201d, la Municipalidad de Corrientes lanz\u00f3 la edici\u00f3n 2024 de Maratones Barriales. Con 6 fechas definidas, la actividad deportiva que busca concientizar sobre h\u00e1bitos saludables tendr\u00e1 como circuitos calles de diferentes barriadas con la modalidad participativa y competitiva.<br><br>En el lanzamiento de la nueva edici\u00f3n, el secretario de Turismo y Deportes del municipio, Juan Enrique Braillard Poccard, destac\u00f3: \u201cDamos inicio a esta s\u00e9ptima edici\u00f3n, muy contentos dado los resultados sorprendentes alcanzados a lo largo de estos a\u00f1os\u201d.<br><br>Al respecto, cont\u00f3 que \u201cen sus inicios estaba destinado a atletas que abrazaban esta pasi\u00f3n y hoy nos damos cuenta que ha llegado a deportistas de edades peque\u00f1as y adultos mayores, gente que tuvo su primer encuentro con el deporte a trav\u00e9s de las maratones barriales\u201d.<br><br>\u201cArrancamos este s\u00e1bado en Laguna Brava, trabajando en seis zonas en todo el a\u00f1o, terminando en el San Ger\u00f3nimo y probablemente con alguna s\u00e9ptima etapa en costanera Sur\u201d, detall\u00f3 el funcionario.<br><br>A su vez, cont\u00f3 que \u201cen esta oportunidad hemos tenido el pedido de la Polic\u00eda de la Provincia de Corrientes, que extendamos la invitaci\u00f3n no solo a los cadetes y a los futuros polic\u00edas que nos van a estar cuidando, sino tambi\u00e9n al personal activo, lo que nos pareci\u00f3 una muy buena iniciativa que se interesen en participar\u201d.<br><br>En este contexto, Braillard Poccard expres\u00f3 que \u201cm\u00e1s de 30 instituciones est\u00e1n involucradas, en lo que hace a clubes, pe\u00f1as de corredores y fuerzas de seguridad, a quienes agradecemos el acompa\u00f1amiento\u201d.<br><br>Y destac\u00f3 que las Maratones Barriales \u201cno s\u00f3lo movilizan a los vecinos de diferentes barriadas, sino tambi\u00e9n acompa\u00f1an a los comerciantes de la zona para que puedan ofrecer sus productos, es un buen movimiento econ\u00f3mico para el barrio y para seguir visibilizando que Corrientes va m\u00e1s all\u00e1 de la costanera, de sus tradicionales parques\u201d.<br><br>DETALLES<br><br>Por su parte, el subsecretario de Deporte Inclusivo de la municipalidad, Rafael Segovia, adelant\u00f3 que las distancias de las carreras ser\u00e1n de 2 kil\u00f3metros (participativa) y 5 kil\u00f3metros (competitiva); a partir de las 16.<br><br>\u201cLa participaci\u00f3n es totalmente gratuita y adem\u00e1s del link para inscribirse (<a href=\"http:\/\/xurl.es\/barriales2024\" target=\"_blank\" rel=\"noreferrer noopener\">xurl.es\/barriales2024<\/a>) tambi\u00e9n pueden hacerlo a partir de las 14 en el mismo lugar el d\u00eda del certamen; este s\u00e1bado ser\u00e1 en la plaza Joaqu\u00edn Madariaga\u201d.<br><br>CRONOGRAMA DE RECORRIDO<br><br>1\u00b0 Barrio Laguna Brava &#8211; 20 de abril<br><br>2\u00b0 Barrio Santa Catalina &#8211; 11 de mayo<br><br>3\u00b0 Barrio Juan de Vera &#8211; 8 de junio<br><br>4\u00b0 Barrio Molina Punta &#8211; 17 de agosto<br><br>5\u00b0 Barrio Laguna Seca &#8211; 7 de septiembre<br><br>6\u00b0 Barrio San Ger\u00f3nimo &#8211; 19 de octubre<\/p>\n","protected":false},"excerpt":{"rendered":"<p>Con seis fechas definidas y recorriendo diferentes zonas de la ciudad, la Municipalidad lanz\u00f3 una&#8230;<\/p>\n","protected":false},"author":1,"featured_media":1408,"comment_status":"open","ping_status":"open","sticky":false,"template":"","format":"standard","meta":[],"categories":[1],"tags":[],"_links":{"self":[{"href":"https:\/\/neanoticias.com\/index.php\/wp-json\/wp\/v2\/posts\/1407"}],"collection":[{"href":"https:\/\/neanoticias.com\/index.php\/wp-json\/wp\/v2\/posts"}],"about":[{"href":"https:\/\/neanoticias.com\/index.php\/wp-json\/wp\/v2\/types\/post"}],"author":[{"embeddable":true,"href":"https:\/\/neanoticias.com\/index.php\/wp-json\/wp\/v2\/users\/1"}],"replies":[{"embeddable":true,"href":"https:\/\/neanoticias.com\/index.php\/wp-json\/wp\/v2\/comments?post=1407"}],"version-history":[{"count":1,"href":"https:\/\/neanoticias.com\/index.php\/wp-json\/wp\/v2\/posts\/1407\/revisions"}],"predecessor-version":[{"id":1409,"href":"https:\/\/neanoticias.com\/index.php\/wp-json\/wp\/v2\/posts\/1407\/revisions\/1409"}],"wp:featuredmedia":[{"embeddable":true,"href":"https:\/\/neanoticias.com\/index.php\/wp-json\/wp\/v2\/media\/1408"}],"wp:attachment":[{"href":"https:\/\/neanoticias.com\/index.php\/wp-json\/wp\/v2\/media?parent=1407"}],"wp:term":[{"taxonomy":"category","embeddable":true,"href":"https:\/\/neanoticias.com\/index.php\/wp-json\/wp\/v2\/categories?post=1407"},{"taxonomy":"post_tag","embeddable":true,"href":"https:\/\/neanoticias.com\/index.php\/wp-json\/wp\/v2\/tags?post=1407"}],"curies":[{"name":"wp","href":"https:\/\/api.w.org\/{rel}","templated":true}]}}