{"id":1404,"date":"2024-04-21T19:26:04","date_gmt":"2024-04-21T19:26:04","guid":{"rendered":"https:\/\/neanoticias.com\/?p=1404"},"modified":"2024-04-28T19:35:52","modified_gmt":"2024-04-28T19:35:52","slug":"prepagas-osde-informo-cuanto-bajara-la-cuota-de-los-afiliados-en-la-proxima-factura","status":"publish","type":"post","link":"https:\/\/neanoticias.com\/index.php\/2024\/04\/21\/prepagas-osde-informo-cuanto-bajara-la-cuota-de-los-afiliados-en-la-proxima-factura\/","title":{"rendered":"PREPAGAS: OSDE INFORM\u00d3 CU\u00c1NTO BAJAR\u00c1 LA CUOTA DE LOS AFILIADOS EN LA PR\u00d3XIMA FACTURA"},"content":{"rendered":"\n<p>La reducci\u00f3n ser\u00e1 del 22 por ciento en la cuota de abril con respecto a la de marzo. La compa\u00f1\u00eda tambi\u00e9n inform\u00f3 que no habr\u00e1 una reducci\u00f3n en el pago a los prestadores. OSDE es la primera prepaga que inform\u00f3 c\u00f3mo cobrar\u00e1 las pr\u00f3ximas cuotas.\u00a0<\/p>\n\n\n\n<p>La incertidumbre y las inc\u00f3gnitas sobre c\u00f3mo y cu\u00e1nto cobrar\u00e1n las empresas de medicina privada a sus afiliados empiezan a ceder. Este martes, la prepaga que acapara la mayor\u00eda de los afiliados del mercado inform\u00f3 cu\u00e1l ser\u00e1 el esquema de las nuevas facturas que empezar\u00e1n a llegarle a la gente los pr\u00f3ximos d\u00edas.<\/p>\n\n\n\n<figure class=\"wp-block-image size-full\"><img loading=\"lazy\" width=\"380\" height=\"308\" src=\"https:\/\/neanoticias.com\/wp-content\/uploads\/2024\/04\/1358927w380h308c.jpg.webp\" alt=\"\" class=\"wp-image-1405\" srcset=\"https:\/\/neanoticias.com\/wp-content\/uploads\/2024\/04\/1358927w380h308c.jpg.webp 380w, https:\/\/neanoticias.com\/wp-content\/uploads\/2024\/04\/1358927w380h308c.jpg-300x243.webp 300w\" sizes=\"(max-width: 380px) 100vw, 380px\" \/><\/figure>\n\n\n\n<p>Como regla general, la informaci\u00f3n brindada por fuentes de la compa\u00f1\u00eda es que la reducci\u00f3n que los afiliados ver\u00e1n reflejado en las cuotas ser\u00e1 del 22 por ciento en abril con respecto al mes de marzo. Hay que aclarar que OSDE cobra por mes vencido. Sin embargo, habr\u00e1 una diferencia entre los afiliados desregulados (a trav\u00e9s de obra social) y los directos.<\/p>\n\n\n\n<p>Seg\u00fan explicaron desde la empresa, a los desregulados se les debe cobrar todav\u00eda la diferencia (entre el aporte y el excedente) de marzo, por lo que ese pago todav\u00eda llevar\u00e1 un 19 por ciento de aumento con respecto a lo abonado por esos afiliados en febrero. Representan el 75 por ciento del total. Luego, s\u00ed, a partir de abril -es decir en la siguiente factura- ver\u00e1n reflejada la reducci\u00f3n del 22 por ciento.<br>&nbsp;<br>En cambio, los afiliados directos y monotributistas recibir\u00e1n en las pr\u00f3ximas horas las facturas correspondientes al mes de abril (que deber\u00e1n pagar los primeros d\u00edas de mayo) y en ese caso las cuotas ya se ver\u00e1n ajustadas con la reducci\u00f3n del 22 por ciento. En este caso, el \u00faltimo incremento del 19 por ciento lo hab\u00edan pagado por el mes de marzo en los primeros d\u00edas de abril.<br>&nbsp;<br>Adem\u00e1s, desde la prepaga informaron que a los prestadores &#8220;se les pagar\u00e1 los mismos honorarios que en el mes de marzo&#8221;, algo que era una gran preocupaci\u00f3n del sector de las cl\u00ednicas y sanatorios.<\/p>\n","protected":false},"excerpt":{"rendered":"<p>La reducci\u00f3n ser\u00e1 del 22 por ciento en la cuota de abril con respecto a&#8230;<\/p>\n","protected":false},"author":1,"featured_media":1405,"comment_status":"open","ping_status":"open","sticky":false,"template":"","format":"standard","meta":[],"categories":[1],"tags":[],"_links":{"self":[{"href":"https:\/\/neanoticias.com\/index.php\/wp-json\/wp\/v2\/posts\/1404"}],"collection":[{"href":"https:\/\/neanoticias.com\/index.php\/wp-json\/wp\/v2\/posts"}],"about":[{"href":"https:\/\/neanoticias.com\/index.php\/wp-json\/wp\/v2\/types\/post"}],"author":[{"embeddable":true,"href":"https:\/\/neanoticias.com\/index.php\/wp-json\/wp\/v2\/users\/1"}],"replies":[{"embeddable":true,"href":"https:\/\/neanoticias.com\/index.php\/wp-json\/wp\/v2\/comments?post=1404"}],"version-history":[{"count":1,"href":"https:\/\/neanoticias.com\/index.php\/wp-json\/wp\/v2\/posts\/1404\/revisions"}],"predecessor-version":[{"id":1406,"href":"https:\/\/neanoticias.com\/index.php\/wp-json\/wp\/v2\/posts\/1404\/revisions\/1406"}],"wp:featuredmedia":[{"embeddable":true,"href":"https:\/\/neanoticias.com\/index.php\/wp-json\/wp\/v2\/media\/1405"}],"wp:attachment":[{"href":"https:\/\/neanoticias.com\/index.php\/wp-json\/wp\/v2\/media?parent=1404"}],"wp:term":[{"taxonomy":"category","embeddable":true,"href":"https:\/\/neanoticias.com\/index.php\/wp-json\/wp\/v2\/categories?post=1404"},{"taxonomy":"post_tag","embeddable":true,"href":"https:\/\/neanoticias.com\/index.php\/wp-json\/wp\/v2\/tags?post=1404"}],"curies":[{"name":"wp","href":"https:\/\/api.w.org\/{rel}","templated":true}]}}