{"id":1398,"date":"2024-04-21T19:23:04","date_gmt":"2024-04-21T19:23:04","guid":{"rendered":"https:\/\/neanoticias.com\/?p=1398"},"modified":"2024-04-28T19:36:04","modified_gmt":"2024-04-28T19:36:04","slug":"el-municipio-se-suma-a-un-modelo-de-negocios-sustentable","status":"publish","type":"post","link":"https:\/\/neanoticias.com\/index.php\/2024\/04\/21\/el-municipio-se-suma-a-un-modelo-de-negocios-sustentable\/","title":{"rendered":"EL MUNICIPIO SE SUMA A UN MODELO DE NEGOCIOS SUSTENTABLE"},"content":{"rendered":"\n<p><em>El Sistema B impulsa una nueva econom\u00eda que pone el centro de las decisiones econ\u00f3micas a las personas y el planeta. Apunta a ser justo, inclusivo y regenerativo en t\u00e9rminos econ\u00f3micos, sociales y ambientales. \u201cTrabajamos en un desarrollo econ\u00f3mico sostenible, con bienestar social y coherente con la lucha contra el cambio clim\u00e1tico como pol\u00edtica de Estado\u201d, resalt\u00f3 Tassano.<\/em><\/p>\n\n\n\n<figure class=\"wp-block-image size-large\"><img loading=\"lazy\" width=\"1024\" height=\"682\" src=\"https:\/\/neanoticias.com\/wp-content\/uploads\/2024\/04\/40652f34-d60f-ecb0-7b52-a1ff36b5d7c3-1024x682.jpg\" alt=\"\" class=\"wp-image-1399\" srcset=\"https:\/\/neanoticias.com\/wp-content\/uploads\/2024\/04\/40652f34-d60f-ecb0-7b52-a1ff36b5d7c3-1024x682.jpg 1024w, https:\/\/neanoticias.com\/wp-content\/uploads\/2024\/04\/40652f34-d60f-ecb0-7b52-a1ff36b5d7c3-300x200.jpg 300w, https:\/\/neanoticias.com\/wp-content\/uploads\/2024\/04\/40652f34-d60f-ecb0-7b52-a1ff36b5d7c3-768x512.jpg 768w, https:\/\/neanoticias.com\/wp-content\/uploads\/2024\/04\/40652f34-d60f-ecb0-7b52-a1ff36b5d7c3.jpg 1280w\" sizes=\"(max-width: 1024px) 100vw, 1024px\" \/><\/figure>\n\n\n\n<p>\u201cQueremos ser un gobierno que hace el bien\u201d. Con esas palabras el intendente Eduardo Tassano abri\u00f3 un masivo encuentro multisectorial que busca llevar adelante una propuesta innovadora que apuesta desarrollo econ\u00f3mico sin perder de vista la generaci\u00f3n de empleo de calidad y preservaci\u00f3n del ambiente. Se trata del Sistema B, que apunta a establecer un paradigma equitativo, inclusivo y regenerativo en t\u00e9rminos econ\u00f3micos, sociales y ambientales (triple impacto).<br>De esta manera, Corrientes se suma al movimiento global Ciudades +B, en la que hasta ahora participan C\u00f3rdoba, Mendoza y Rosario.<br>Directivos de empresas como Trasa, Urbano Express y Cook Master eligieron dar a conocer sus acciones en la ciudad de Corrientes como reconocimiento al compromiso local con el ambiente y la lucha contra el cambio clim\u00e1tico. El encuentro cont\u00f3 con Marina Arias, directora ejecutiva de Sistema B en Argentina, una red que engloba empresas como Mercado Libre, Arytza, Nutricia Bag\u00f3, entre otras.<br>\u00a0<br>DESARROLLO Y ACCIONES AMBIENTALES<br>En la ocasi\u00f3n, el intendente resalt\u00f3 que \u201ctrabajamos en un desarrollo econ\u00f3mico pensando en la modernizaci\u00f3n y tomando la lucha del cambio clim\u00e1tico como pol\u00edtica de Estado\u201d.<br>Adem\u00e1s de la cuesti\u00f3n ambiental destac\u00f3 la importancia del fomento econ\u00f3mico y la calidad de vida en la ciudad. Sostuvo que se apost\u00f3 a \u201cponer a Corrientes de pie de manera sustentable\u201d con trabajos como el Plan H\u00eddrico, la instalaci\u00f3n de paneles solares en la Caja Municipal y la iluminaci\u00f3n led, entre otros.<br>\u00a0<br>VISI\u00d3N CONJUNTA<br>Por su parte, el secretario de Desarrollo Econ\u00f3mico, Francisco Ingaramo sostuvo que \u201cestamos muy contentos porque es un honor recibir a las empresas y comenzar a alinearnos a las pol\u00edticas del sistema B\u201d.<br>En tanto, el secretario de Ambiente, Ignacio Maldonado Yonna expres\u00f3 que \u201cla visi\u00f3n de triple impacto es una propuesta muy buena que nos muestra que el camino que venimos haciendo es el camino y nos hace atractivos\u201d.<br>\u00a0<br>TRABAJO CONJUNTO<br>La directora ejecutiva de Sistemas B, Marina Arias remarc\u00f3 que la visita a la ciudad se debe a que \u201cestamos inspirados en la naturaleza de la provincia\u201d y que Corrientes \u201cse pone a disposici\u00f3n respecto a la visi\u00f3n que trabajamos\u201d.<br>Para cerrar, resalt\u00f3 que \u201ceste evento fue el puntapi\u00e9 inicial para un camino juntos\u201d, dejando en evidencia el trabajo articulado a construir con la gesti\u00f3n.<\/p>\n","protected":false},"excerpt":{"rendered":"<p>El Sistema B impulsa una nueva econom\u00eda que pone el centro de las decisiones econ\u00f3micas&#8230;<\/p>\n","protected":false},"author":1,"featured_media":1399,"comment_status":"open","ping_status":"open","sticky":false,"template":"","format":"standard","meta":[],"categories":[1],"tags":[],"_links":{"self":[{"href":"https:\/\/neanoticias.com\/index.php\/wp-json\/wp\/v2\/posts\/1398"}],"collection":[{"href":"https:\/\/neanoticias.com\/index.php\/wp-json\/wp\/v2\/posts"}],"about":[{"href":"https:\/\/neanoticias.com\/index.php\/wp-json\/wp\/v2\/types\/post"}],"author":[{"embeddable":true,"href":"https:\/\/neanoticias.com\/index.php\/wp-json\/wp\/v2\/users\/1"}],"replies":[{"embeddable":true,"href":"https:\/\/neanoticias.com\/index.php\/wp-json\/wp\/v2\/comments?post=1398"}],"version-history":[{"count":1,"href":"https:\/\/neanoticias.com\/index.php\/wp-json\/wp\/v2\/posts\/1398\/revisions"}],"predecessor-version":[{"id":1400,"href":"https:\/\/neanoticias.com\/index.php\/wp-json\/wp\/v2\/posts\/1398\/revisions\/1400"}],"wp:featuredmedia":[{"embeddable":true,"href":"https:\/\/neanoticias.com\/index.php\/wp-json\/wp\/v2\/media\/1399"}],"wp:attachment":[{"href":"https:\/\/neanoticias.com\/index.php\/wp-json\/wp\/v2\/media?parent=1398"}],"wp:term":[{"taxonomy":"category","embeddable":true,"href":"https:\/\/neanoticias.com\/index.php\/wp-json\/wp\/v2\/categories?post=1398"},{"taxonomy":"post_tag","embeddable":true,"href":"https:\/\/neanoticias.com\/index.php\/wp-json\/wp\/v2\/tags?post=1398"}],"curies":[{"name":"wp","href":"https:\/\/api.w.org\/{rel}","templated":true}]}}