{"id":1395,"date":"2024-04-21T19:21:39","date_gmt":"2024-04-21T19:21:39","guid":{"rendered":"https:\/\/neanoticias.com\/?p=1395"},"modified":"2024-04-28T19:36:11","modified_gmt":"2024-04-28T19:36:11","slug":"la-argentina-pidio-la-detencion-del-ministro-irani-vahidi-por-el-ataque-a-la-amia","status":"publish","type":"post","link":"https:\/\/neanoticias.com\/index.php\/2024\/04\/21\/la-argentina-pidio-la-detencion-del-ministro-irani-vahidi-por-el-ataque-a-la-amia\/","title":{"rendered":"LA ARGENTINA PIDI\u00d3 LA DETENCI\u00d3N DEL MINISTRO IRAN\u00cd VAHIDI POR EL ATAQUE A LA AMIA"},"content":{"rendered":"\n<p>El Gobierno hizo el reclamo a Interpol en medio del viaje del iran\u00ed a Sri Lanka y Pakist\u00e1n.<\/p>\n\n\n\n<figure class=\"wp-block-image size-full\"><img loading=\"lazy\" width=\"790\" height=\"444\" src=\"https:\/\/neanoticias.com\/wp-content\/uploads\/2024\/04\/1358930w790h444c.jpg.webp\" alt=\"\" class=\"wp-image-1396\" srcset=\"https:\/\/neanoticias.com\/wp-content\/uploads\/2024\/04\/1358930w790h444c.jpg.webp 790w, https:\/\/neanoticias.com\/wp-content\/uploads\/2024\/04\/1358930w790h444c.jpg-300x169.webp 300w, https:\/\/neanoticias.com\/wp-content\/uploads\/2024\/04\/1358930w790h444c.jpg-768x432.webp 768w\" sizes=\"(max-width: 790px) 100vw, 790px\" \/><\/figure>\n\n\n\n<p>La Argentina volvi\u00f3 a reclamar la detenci\u00f3n internacional del ministro iran\u00ed Ahmad Vahidi, se\u00f1alado por la justicia local como uno de los responsables del atentado a la AMIA de 1994, que provoc\u00f3 la muerte de 85 personas.&nbsp;<\/p>\n\n\n\n<p>Vahidi, que es requerido por la Justicia argentina, es actualmente Ministro del Interior de la Rep\u00fablica Isl\u00e1mica de Ir\u00e1n e integra una comitiva gubernamental que se encuentra en Pakist\u00e1n y Sri Lanka en estos d\u00edas.<\/p>\n\n\n\n<p>En ese marco, a pedido de las autoridades argentinas, la oficina Central de Interpol con sede en Lyon emiti\u00f3 una Circular Roja para su detenci\u00f3n.&nbsp;<\/p>\n\n\n\n<p>Con motivo de su viaje, Argentina ha solicitado a los gobiernos de Pakist\u00e1n y Sri Lanka su detenci\u00f3n de acuerdo a los mecanismos previstos por Interpol.<\/p>\n\n\n\n<p>Paralelamente al trabajo que est\u00e1 haciendo el Ministerio de Seguridad y la Canciller\u00eda Argentina con la intervenci\u00f3n de las Embajadas de nuestro pa\u00eds en Pakist\u00e1n y la India, la Oficina Central Nacional Buenos Aires (OCN) de Interpol de la Polic\u00eda Federal Argentina pidi\u00f3 a su contraparte OCN Islamabad que proceda a la detenci\u00f3n preventiva del causante con fines de extradici\u00f3n a la Argentina. &nbsp;<\/p>\n","protected":false},"excerpt":{"rendered":"<p>El Gobierno hizo el reclamo a Interpol en medio del viaje del iran\u00ed a Sri&#8230;<\/p>\n","protected":false},"author":1,"featured_media":1396,"comment_status":"open","ping_status":"open","sticky":false,"template":"","format":"standard","meta":[],"categories":[1],"tags":[],"_links":{"self":[{"href":"https:\/\/neanoticias.com\/index.php\/wp-json\/wp\/v2\/posts\/1395"}],"collection":[{"href":"https:\/\/neanoticias.com\/index.php\/wp-json\/wp\/v2\/posts"}],"about":[{"href":"https:\/\/neanoticias.com\/index.php\/wp-json\/wp\/v2\/types\/post"}],"author":[{"embeddable":true,"href":"https:\/\/neanoticias.com\/index.php\/wp-json\/wp\/v2\/users\/1"}],"replies":[{"embeddable":true,"href":"https:\/\/neanoticias.com\/index.php\/wp-json\/wp\/v2\/comments?post=1395"}],"version-history":[{"count":1,"href":"https:\/\/neanoticias.com\/index.php\/wp-json\/wp\/v2\/posts\/1395\/revisions"}],"predecessor-version":[{"id":1397,"href":"https:\/\/neanoticias.com\/index.php\/wp-json\/wp\/v2\/posts\/1395\/revisions\/1397"}],"wp:featuredmedia":[{"embeddable":true,"href":"https:\/\/neanoticias.com\/index.php\/wp-json\/wp\/v2\/media\/1396"}],"wp:attachment":[{"href":"https:\/\/neanoticias.com\/index.php\/wp-json\/wp\/v2\/media?parent=1395"}],"wp:term":[{"taxonomy":"category","embeddable":true,"href":"https:\/\/neanoticias.com\/index.php\/wp-json\/wp\/v2\/categories?post=1395"},{"taxonomy":"post_tag","embeddable":true,"href":"https:\/\/neanoticias.com\/index.php\/wp-json\/wp\/v2\/tags?post=1395"}],"curies":[{"name":"wp","href":"https:\/\/api.w.org\/{rel}","templated":true}]}}