{"id":139,"date":"2022-09-02T14:09:48","date_gmt":"2022-09-02T14:09:48","guid":{"rendered":"https:\/\/neanoticias.com\/?p=139"},"modified":"2022-09-02T14:09:48","modified_gmt":"2022-09-02T14:09:48","slug":"energico-repudio-de-gustavo-valdes-al-ataque-sufrido-por-cristina-fernandez-de-kirchner","status":"publish","type":"post","link":"https:\/\/neanoticias.com\/index.php\/2022\/09\/02\/energico-repudio-de-gustavo-valdes-al-ataque-sufrido-por-cristina-fernandez-de-kirchner\/","title":{"rendered":"EN\u00c9RGICO REPUDIO DE GUSTAVO VALD\u00c9S AL ATAQUE SUFRIDO POR CRISTINA FERN\u00c1NDEZ DE KIRCHNER"},"content":{"rendered":"\n<p>El primer mandatario correntino utiliz\u00f3 las redes sociales para manifestar su repudio al hecho. &#8220;En una sociedad democr\u00e1tica la violencia no es el camino&#8221;, plante\u00f3.<\/p>\n\n\n\n<p>&#8220;Mi repudio absoluto al ataque que sufri\u00f3 la vicepresidenta de la Naci\u00f3n, @CFKArgentina&#8221; comienza diciendo un tuit del Gobernador de Corrientes, Gustavo Vald\u00e9s.<br>&#8220;La Justicia debe investigar este grav\u00edsimo hecho hasta sus \u00faltimas consecuencias. En una sociedad democr\u00e1tica la violencia no es el camino&#8221; agreg\u00f3 el primer mandatario.<\/p>\n\n\n\n<figure class=\"wp-block-image size-full\"><img loading=\"lazy\" width=\"569\" height=\"332\" src=\"https:\/\/neanoticias.com\/wp-content\/uploads\/2022\/09\/Screenshot_1.png\" alt=\"\" class=\"wp-image-140\" srcset=\"https:\/\/neanoticias.com\/wp-content\/uploads\/2022\/09\/Screenshot_1.png 569w, https:\/\/neanoticias.com\/wp-content\/uploads\/2022\/09\/Screenshot_1-300x175.png 300w\" sizes=\"(max-width: 569px) 100vw, 569px\" \/><\/figure>\n\n\n\n<p><\/p>\n","protected":false},"excerpt":{"rendered":"<p>El primer mandatario correntino utiliz\u00f3 las redes sociales para manifestar su repudio al hecho. &#8220;En&#8230;<\/p>\n","protected":false},"author":1,"featured_media":0,"comment_status":"open","ping_status":"open","sticky":false,"template":"","format":"standard","meta":[],"categories":[1],"tags":[],"_links":{"self":[{"href":"https:\/\/neanoticias.com\/index.php\/wp-json\/wp\/v2\/posts\/139"}],"collection":[{"href":"https:\/\/neanoticias.com\/index.php\/wp-json\/wp\/v2\/posts"}],"about":[{"href":"https:\/\/neanoticias.com\/index.php\/wp-json\/wp\/v2\/types\/post"}],"author":[{"embeddable":true,"href":"https:\/\/neanoticias.com\/index.php\/wp-json\/wp\/v2\/users\/1"}],"replies":[{"embeddable":true,"href":"https:\/\/neanoticias.com\/index.php\/wp-json\/wp\/v2\/comments?post=139"}],"version-history":[{"count":1,"href":"https:\/\/neanoticias.com\/index.php\/wp-json\/wp\/v2\/posts\/139\/revisions"}],"predecessor-version":[{"id":141,"href":"https:\/\/neanoticias.com\/index.php\/wp-json\/wp\/v2\/posts\/139\/revisions\/141"}],"wp:attachment":[{"href":"https:\/\/neanoticias.com\/index.php\/wp-json\/wp\/v2\/media?parent=139"}],"wp:term":[{"taxonomy":"category","embeddable":true,"href":"https:\/\/neanoticias.com\/index.php\/wp-json\/wp\/v2\/categories?post=139"},{"taxonomy":"post_tag","embeddable":true,"href":"https:\/\/neanoticias.com\/index.php\/wp-json\/wp\/v2\/tags?post=139"}],"curies":[{"name":"wp","href":"https:\/\/api.w.org\/{rel}","templated":true}]}}