{"id":1383,"date":"2024-04-21T19:09:54","date_gmt":"2024-04-21T19:09:54","guid":{"rendered":"https:\/\/neanoticias.com\/?p=1383"},"modified":"2024-04-28T19:36:52","modified_gmt":"2024-04-28T19:36:52","slug":"un-barrio-bellavistense-pide-por-aguas-de-corrientes","status":"publish","type":"post","link":"https:\/\/neanoticias.com\/index.php\/2024\/04\/21\/un-barrio-bellavistense-pide-por-aguas-de-corrientes\/","title":{"rendered":"UN BARRIO BELLAVISTENSE PIDE POR AGUAS DE CORRIENTES"},"content":{"rendered":"\n<p>Fue fundado a inicios de los 2000 y desde entonces, obtiene este recurso por medio de una bomba extractora. Al lado, cuentan con una planta frutihort\u00edcola.\u00a0<\/p>\n\n\n\n<figure class=\"wp-block-image size-full\"><img loading=\"lazy\" width=\"850\" height=\"638\" src=\"https:\/\/neanoticias.com\/wp-content\/uploads\/2024\/04\/1358888w850h638c.jpg.webp\" alt=\"\" class=\"wp-image-1384\" srcset=\"https:\/\/neanoticias.com\/wp-content\/uploads\/2024\/04\/1358888w850h638c.jpg.webp 850w, https:\/\/neanoticias.com\/wp-content\/uploads\/2024\/04\/1358888w850h638c.jpg-300x225.webp 300w, https:\/\/neanoticias.com\/wp-content\/uploads\/2024\/04\/1358888w850h638c.jpg-768x576.webp 768w\" sizes=\"(max-width: 850px) 100vw, 850px\" \/><\/figure>\n\n\n\n<p>Los vecinos del barrio Epam (Esfuerzo Propio y Ayuda mutua), ubicado al norte de la ciudad correntina, piden por el servicio de Aguas de Corrientes. El reclamo tiene varios a\u00f1os.&nbsp;<\/p>\n\n\n\n<p>Gast\u00f3n Carca\u00f1o, secretario de Infraestructura, aclar\u00f3 que la labor debe ser tercerizada por la empresa estatal. Agreg\u00f3 que &#8220;los vecinos se opusieron a la llegada del servicio cuando estaba el (hoy ex) intendente, Walter Ch\u00e1vez&#8221;.&nbsp;<\/p>\n\n\n\n<p>Sin embargo, desde este medio accedimos a una\u00a0<strong>nota firmada por 70 de las 80 viviendas<\/strong>. En ella, adem\u00e1s del pedido, detallan: &#8220;Contamos con una bomba el\u00e9ctrica&#8221;, la cual, &#8220;<strong>frecuentemente,tiene inconvenientes<\/strong>&#8220;.\u00a0<\/p>\n\n\n\n<p>En el documento a\u00f1aden que &#8220;el barrio tiene una&nbsp;<strong>poblaci\u00f3n con problemas de salud, discapacitados y menores de edad<\/strong>&#8221; y que este es el principal motivo de la petici\u00f3n.&nbsp;<\/p>\n\n\n\n<p>Tambi\u00e9n, existe la Resoluci\u00f3n 78-22 del Concejo Deliberante bellavistense, que se\u00f1ala: &#8220;Solicitar a la Empresa Aguas de Corrientes S.A. que realice la ca\u00f1er\u00eda de agua, conjuntamente con las conexiones domiciliarias de Barrio Epam Norte&#8221; (art\u00edculo 1). El escrito cuenta con la firma del secretario del Honorable Concejo Deliberante, Guillermo Parodi, y del presidente del mismo organismo, Marcelo Quintana.\u00a0<\/p>\n\n\n\n<p>E.R. , una de las vecinas, dijo: &#8220;Estamos cansados de quedarnos sin agua.&nbsp;<strong>Necesitamos agua potable<\/strong>. Hace a\u00f1os esperamos el servicio&#8221;.&nbsp;<\/p>\n\n\n\n<p>Aclar\u00f3 que el ca\u00f1o troncal ya fue instalado por el PROMEBA y que &#8220;<strong>solo falta la conexi\u00f3n<\/strong>&#8220;. &#8220;Pedimos que se conecte de una vez as\u00ed no sufrimos por la falta del servicio y que as\u00ed cada uno pague su factura&#8221;, sostuvo.<\/p>\n\n\n\n<p>L., quien tambi\u00e9n habita en el Epam Norte, complement\u00f3: &#8220;<strong>Hace m\u00e1s de 10 a\u00f1os esperamos el servicio de Aguas<\/strong>. El agua de bomba no da basto y no sabemos si es saludable. Pienso que en los momentos m\u00e1s necesarios no contamos con lo m\u00e1s esencial, el agua&#8221;.<\/p>\n","protected":false},"excerpt":{"rendered":"<p>Fue fundado a inicios de los 2000 y desde entonces, obtiene este recurso por medio&#8230;<\/p>\n","protected":false},"author":1,"featured_media":1384,"comment_status":"open","ping_status":"open","sticky":false,"template":"","format":"standard","meta":[],"categories":[1],"tags":[],"_links":{"self":[{"href":"https:\/\/neanoticias.com\/index.php\/wp-json\/wp\/v2\/posts\/1383"}],"collection":[{"href":"https:\/\/neanoticias.com\/index.php\/wp-json\/wp\/v2\/posts"}],"about":[{"href":"https:\/\/neanoticias.com\/index.php\/wp-json\/wp\/v2\/types\/post"}],"author":[{"embeddable":true,"href":"https:\/\/neanoticias.com\/index.php\/wp-json\/wp\/v2\/users\/1"}],"replies":[{"embeddable":true,"href":"https:\/\/neanoticias.com\/index.php\/wp-json\/wp\/v2\/comments?post=1383"}],"version-history":[{"count":1,"href":"https:\/\/neanoticias.com\/index.php\/wp-json\/wp\/v2\/posts\/1383\/revisions"}],"predecessor-version":[{"id":1385,"href":"https:\/\/neanoticias.com\/index.php\/wp-json\/wp\/v2\/posts\/1383\/revisions\/1385"}],"wp:featuredmedia":[{"embeddable":true,"href":"https:\/\/neanoticias.com\/index.php\/wp-json\/wp\/v2\/media\/1384"}],"wp:attachment":[{"href":"https:\/\/neanoticias.com\/index.php\/wp-json\/wp\/v2\/media?parent=1383"}],"wp:term":[{"taxonomy":"category","embeddable":true,"href":"https:\/\/neanoticias.com\/index.php\/wp-json\/wp\/v2\/categories?post=1383"},{"taxonomy":"post_tag","embeddable":true,"href":"https:\/\/neanoticias.com\/index.php\/wp-json\/wp\/v2\/tags?post=1383"}],"curies":[{"name":"wp","href":"https:\/\/api.w.org\/{rel}","templated":true}]}}