{"id":1379,"date":"2024-04-21T17:52:12","date_gmt":"2024-04-21T17:52:12","guid":{"rendered":"https:\/\/neanoticias.com\/?p=1379"},"modified":"2024-04-28T19:37:08","modified_gmt":"2024-04-28T19:37:08","slug":"plan-de-arbolado-urbano-2024-el-municipio-avanza-en-las-metas-y-en-su-compromiso-ambiental","status":"publish","type":"post","link":"https:\/\/neanoticias.com\/index.php\/2024\/04\/21\/plan-de-arbolado-urbano-2024-el-municipio-avanza-en-las-metas-y-en-su-compromiso-ambiental\/","title":{"rendered":"PLAN DE ARBOLADO URBANO 2024: EL MUNICIPIO AVANZA EN LAS METAS Y EN SU COMPROMISO AMBIENTAL"},"content":{"rendered":"\n<p><em>En el predio del Vivero municipal, el intendente puso nuevamente en marcha el programa para recuperar y aumentar la cantidad de \u00e1rboles en la ciudad, tanto en los barrios como en espacios p\u00fablicos. Tras superar con creces los objetivos trazados en los \u00faltimos dos a\u00f1os, se busca llegar a los 5.000 ejemplares plantados en 2024.<\/em><\/p>\n\n\n\n<figure class=\"wp-block-image size-large\"><img loading=\"lazy\" width=\"1024\" height=\"682\" src=\"https:\/\/neanoticias.com\/wp-content\/uploads\/2024\/04\/d48e4e1c-be1f-2034-4804-c4b43423f954-1024x682.jpg\" alt=\"\" class=\"wp-image-1380\" srcset=\"https:\/\/neanoticias.com\/wp-content\/uploads\/2024\/04\/d48e4e1c-be1f-2034-4804-c4b43423f954-1024x682.jpg 1024w, https:\/\/neanoticias.com\/wp-content\/uploads\/2024\/04\/d48e4e1c-be1f-2034-4804-c4b43423f954-300x200.jpg 300w, https:\/\/neanoticias.com\/wp-content\/uploads\/2024\/04\/d48e4e1c-be1f-2034-4804-c4b43423f954-768x512.jpg 768w, https:\/\/neanoticias.com\/wp-content\/uploads\/2024\/04\/d48e4e1c-be1f-2034-4804-c4b43423f954.jpg 1280w\" sizes=\"(max-width: 1024px) 100vw, 1024px\" \/><\/figure>\n\n\n\n<p>El intendente Eduardo Tassano encabez\u00f3 este viernes por la ma\u00f1ana el acto de presentaci\u00f3n del Plan de Arbolado Urbano 2024, una actividad que -comprendida entre los compromisos de su gesti\u00f3n- apuesta a mitigar el impacto del cambio clim\u00e1tico en Corrientes a trav\u00e9s de la plantaci\u00f3n de \u00e1rboles aut\u00f3ctonos en los diferentes puntos de la ciudad y que suma nuevos espacios verdes con todos los beneficios ambientales que conlleva la acci\u00f3n.<br>Para este 2024 la meta es llegar a plantar 5.000 ejemplares, es decir, superar los n\u00fameros de los dos \u00faltimos a\u00f1os (3.000 en el 2022 y 3.650 en el 2023) en pos de llegar a finalizar la gesti\u00f3n con la plantaci\u00f3n de 15.000 \u00e1rboles.<br>En el acto de lanzamiento del plan para este a\u00f1o, Tassano renov\u00f3 el compromiso de esta iniciativa y dio cuenta de que se trata de una campa\u00f1a modelo en el pa\u00eds en la lucha contra el cambio clim\u00e1tico.<br>El plan consta de varios pasos: el censo y mapeo del arbolado urbano, quita y reposici\u00f3n y concientizaci\u00f3n. Adem\u00e1s, se trabaja en la plantaci\u00f3n de nuevos ejemplares junto con los vecinos de los diferentes puntos de la ciudad, quienes colaboran en el cuidado de los \u00e1rboles.<br>&nbsp;<br>PLAN AMBIENTAL ESTRAT\u00c9GICO<br>\u201cTenemos un vivero que tiene todo para ayudarnos a cumplir el objetivo de plantar 15.000 \u00e1rboles al finalizar la gesti\u00f3n y 5.000 durante este a\u00f1o\u201d, asegur\u00f3 el intendente, quien estuvo acompa\u00f1ado en el acto por secretarios municipales y concejales.<br>Asimismo, Tassano coment\u00f3 que \u201cel mundo est\u00e1 yendo a las ciudades arboladas para regular la temperatura, disminuir la poluci\u00f3n y colaborar en la prevenci\u00f3n de inundaciones y por ello, tenemos un programa claro que mira a la producci\u00f3n de la naturaleza\u201d.<br>Adem\u00e1s, inst\u00f3 a que los vecinos se sumen al programa \u201cUn \u00e1rbol, un vecino\u201d.<br>&nbsp;<br>EL VIVERO COMO FUENTE<br>\u201cEste lugar lleva m\u00e1s de 28 a\u00f1os proveyendo los \u00e1rboles que engalanan la ciudad\u201d, expres\u00f3 por su parte el secretario de Ambiente, Ignacio Maldonado Yonna al destacar el trabajo que ejecuta el Vivero municipal.<br>En ese marco, el funcionario municipal remarc\u00f3 que en cuanto a las metas trazadas \u201cduplicamos lo que plantamos el a\u00f1o pasado y apuntamos a dejar la ciudad m\u00e1s bella con 5.000 \u00e1rboles m\u00e1s\u201d.<br>Finalmente, ratific\u00f3 el trabajo que se despliega en el vivero diciendo que \u201clos avances que se ejecutaron fueron notorios y colaboran con la apuesta a la econom\u00eda circular\u201d.<\/p>\n","protected":false},"excerpt":{"rendered":"<p>En el predio del Vivero municipal, el intendente puso nuevamente en marcha el programa para&#8230;<\/p>\n","protected":false},"author":1,"featured_media":1380,"comment_status":"open","ping_status":"open","sticky":false,"template":"","format":"standard","meta":[],"categories":[1],"tags":[],"_links":{"self":[{"href":"https:\/\/neanoticias.com\/index.php\/wp-json\/wp\/v2\/posts\/1379"}],"collection":[{"href":"https:\/\/neanoticias.com\/index.php\/wp-json\/wp\/v2\/posts"}],"about":[{"href":"https:\/\/neanoticias.com\/index.php\/wp-json\/wp\/v2\/types\/post"}],"author":[{"embeddable":true,"href":"https:\/\/neanoticias.com\/index.php\/wp-json\/wp\/v2\/users\/1"}],"replies":[{"embeddable":true,"href":"https:\/\/neanoticias.com\/index.php\/wp-json\/wp\/v2\/comments?post=1379"}],"version-history":[{"count":2,"href":"https:\/\/neanoticias.com\/index.php\/wp-json\/wp\/v2\/posts\/1379\/revisions"}],"predecessor-version":[{"id":1382,"href":"https:\/\/neanoticias.com\/index.php\/wp-json\/wp\/v2\/posts\/1379\/revisions\/1382"}],"wp:featuredmedia":[{"embeddable":true,"href":"https:\/\/neanoticias.com\/index.php\/wp-json\/wp\/v2\/media\/1380"}],"wp:attachment":[{"href":"https:\/\/neanoticias.com\/index.php\/wp-json\/wp\/v2\/media?parent=1379"}],"wp:term":[{"taxonomy":"category","embeddable":true,"href":"https:\/\/neanoticias.com\/index.php\/wp-json\/wp\/v2\/categories?post=1379"},{"taxonomy":"post_tag","embeddable":true,"href":"https:\/\/neanoticias.com\/index.php\/wp-json\/wp\/v2\/tags?post=1379"}],"curies":[{"name":"wp","href":"https:\/\/api.w.org\/{rel}","templated":true}]}}