{"id":1373,"date":"2024-04-21T17:48:52","date_gmt":"2024-04-21T17:48:52","guid":{"rendered":"https:\/\/neanoticias.com\/?p=1373"},"modified":"2024-04-28T19:37:33","modified_gmt":"2024-04-28T19:37:33","slug":"le-dieron-el-alta-lo-trasladaban-a-su-casa-en-ambulancia-y-murio-tras-caer-de-la-camilla","status":"publish","type":"post","link":"https:\/\/neanoticias.com\/index.php\/2024\/04\/21\/le-dieron-el-alta-lo-trasladaban-a-su-casa-en-ambulancia-y-murio-tras-caer-de-la-camilla\/","title":{"rendered":"LE DIERON EL ALTA, LO TRASLADABAN A SU CASA EN AMBULANCIA Y MURI\u00d3 TRAS CAER DE LA CAMILLA"},"content":{"rendered":"\n<p>La v\u00edctima fue identificada como Jorge Eduardo Hern\u00e1ndez, de 81 a\u00f1os. Seg\u00fan indicaron los m\u00e9dicos, el hombre falleci\u00f3 producto del golpe en la cabeza que sufri\u00f3 al momento de la ca\u00edda.<\/p>\n\n\n\n<figure class=\"wp-block-image size-full\"><img loading=\"lazy\" width=\"790\" height=\"430\" src=\"https:\/\/neanoticias.com\/wp-content\/uploads\/2024\/04\/1358651w790h430c.png.webp\" alt=\"\" class=\"wp-image-1374\" srcset=\"https:\/\/neanoticias.com\/wp-content\/uploads\/2024\/04\/1358651w790h430c.png.webp 790w, https:\/\/neanoticias.com\/wp-content\/uploads\/2024\/04\/1358651w790h430c.png-300x163.webp 300w, https:\/\/neanoticias.com\/wp-content\/uploads\/2024\/04\/1358651w790h430c.png-768x418.webp 768w\" sizes=\"(max-width: 790px) 100vw, 790px\" \/><\/figure>\n\n\n\n<p>Un hombre de 81 a\u00f1os muri\u00f3 tras caer de la camilla de la ambulancia en la que era trasladado a su domicilio, luego de que fuera dado de alta.<\/p>\n\n\n\n<p>La v\u00edctima fue identificada como Jorge Eduardo Hern\u00e1ndez. El tr\u00e1gico hecho ocurri\u00f3 en la tarde del s\u00e1bado cuando el hombre se dirig\u00eda desde el Hospital de la Asociaci\u00f3n M\u00e9dica, en Bah\u00eda Blanca, a su casa ubicada en la calle Nicol\u00e1s Pires.<\/p>\n\n\n\n<p>Hern\u00e1ndez hab\u00eda estado internado en ese centro de salud y durante el s\u00e1bado le dieron el alta, ya que todos los indicadores estaban bien.<\/p>\n\n\n\n<p>Fue entonces que el hombre, junto a su esposa de 77 a\u00f1os, fue llevado con una ambulancia de la empresa &#8220;Socorro&#8221; hacia su vivienda.<\/p>\n\n\n\n<p>De acuerdo a lo que inform\u00f3 el medio local La Burbuja, el fatal episodio sucedi\u00f3 cuando los m\u00e9dicos intentaron bajar la camilla del veh\u00edculo. All\u00ed, la v\u00edctima cay\u00f3 al suelo y se golpe\u00f3 la cabeza contra el cord\u00f3n de la vereda.<\/p>\n\n\n\n<p>Luego del incidente, Hern\u00e1ndez fue ingresado nuevamente al hospital de calle Patricios 347, en donde fue atendido de urgencia, pero no pudieron salvarlo.<\/p>\n\n\n\n<p>En principio, los m\u00e9dicos se\u00f1alaron que el fallecimiento ser\u00eda consecuencia del fuerte golpe que sufri\u00f3 el hombre al caer y dar la cabeza contra el cord\u00f3n. Asimismo, sospechan que no estaba sujetado en la camilla como indica el protocolo.<\/p>\n\n\n\n<p>El caso es investigado por la Fiscal\u00eda N\u00ba 1 como &#8220;homicidio culposo&#8221;. Tras el hecho, se dispuso la realizaci\u00f3n de una autopsia y comenzaron a analizar el accionar de los responsables que iban en la ambulancia.<\/p>\n","protected":false},"excerpt":{"rendered":"<p>La v\u00edctima fue identificada como Jorge Eduardo Hern\u00e1ndez, de 81 a\u00f1os. Seg\u00fan indicaron los m\u00e9dicos,&#8230;<\/p>\n","protected":false},"author":1,"featured_media":1374,"comment_status":"open","ping_status":"open","sticky":false,"template":"","format":"standard","meta":[],"categories":[1],"tags":[],"_links":{"self":[{"href":"https:\/\/neanoticias.com\/index.php\/wp-json\/wp\/v2\/posts\/1373"}],"collection":[{"href":"https:\/\/neanoticias.com\/index.php\/wp-json\/wp\/v2\/posts"}],"about":[{"href":"https:\/\/neanoticias.com\/index.php\/wp-json\/wp\/v2\/types\/post"}],"author":[{"embeddable":true,"href":"https:\/\/neanoticias.com\/index.php\/wp-json\/wp\/v2\/users\/1"}],"replies":[{"embeddable":true,"href":"https:\/\/neanoticias.com\/index.php\/wp-json\/wp\/v2\/comments?post=1373"}],"version-history":[{"count":1,"href":"https:\/\/neanoticias.com\/index.php\/wp-json\/wp\/v2\/posts\/1373\/revisions"}],"predecessor-version":[{"id":1375,"href":"https:\/\/neanoticias.com\/index.php\/wp-json\/wp\/v2\/posts\/1373\/revisions\/1375"}],"wp:featuredmedia":[{"embeddable":true,"href":"https:\/\/neanoticias.com\/index.php\/wp-json\/wp\/v2\/media\/1374"}],"wp:attachment":[{"href":"https:\/\/neanoticias.com\/index.php\/wp-json\/wp\/v2\/media?parent=1373"}],"wp:term":[{"taxonomy":"category","embeddable":true,"href":"https:\/\/neanoticias.com\/index.php\/wp-json\/wp\/v2\/categories?post=1373"},{"taxonomy":"post_tag","embeddable":true,"href":"https:\/\/neanoticias.com\/index.php\/wp-json\/wp\/v2\/tags?post=1373"}],"curies":[{"name":"wp","href":"https:\/\/api.w.org\/{rel}","templated":true}]}}